{"id":10034,"date":"2016-11-10T18:59:56","date_gmt":"2016-11-10T21:59:56","guid":{"rendered":"https:\/\/eldiariodesanpedro.com.ar\/sitio\/?p=10034"},"modified":"2016-11-10T18:59:56","modified_gmt":"2016-11-10T21:59:56","slug":"zarate-persecucion-y-tiroteo-tres-delincuentes-detenidos-minutos-despues-de-haber-asaltado-una-vivienda","status":"publish","type":"post","link":"https:\/\/eldiariodesanpedro.com.ar\/sitio\/zarate-persecucion-y-tiroteo-tres-delincuentes-detenidos-minutos-despues-de-haber-asaltado-una-vivienda\/","title":{"rendered":"Z\u00e1rate: Persecuci\u00f3n y tiroteo, tres delincuentes detenidos minutos despu\u00e9s de haber asaltado una vivienda"},"content":{"rendered":"<p><!-- VideographyWP Plugin Message: Automatic video embedding prevented by plugin options. --><br \/>\nDel operativo particip\u00f3 la Polic\u00eda de la Provincia de Buenos Aires, a trav\u00e9s del Comando Patrulla, la Polic\u00eda Local y personal del destacamento Alto Los Cardales.<\/p>\n<p>El r\u00e1pido accionar de la Polic\u00eda, producto de la reciente reforma realizada en el sistema de cuadr\u00edculas y la utilizaci\u00f3n de la nueva plataforma de seguridad adquirida por el Municipio de Campana, permiti\u00f3 el inmediato desplazamiento de los m\u00f3viles que se encontraban patrullando la zona, logrando interceptar a tres malvivientes que minutos antes hab\u00edan asaltado una vivienda ubicada en el barrio Santa Br\u00edgida, en Alto Los Cardales.<\/p>\n<p>Al tomarse conocimiento mediante un llamado al 911 de un hecho delictivo ocurrido en perjuicio de una familia del barrio, se inici\u00f3 una persecuci\u00f3n y tiroteo, que culmin\u00f3 con los delincuentes colisionando el auto en el que se movilizaban contra un cami\u00f3n, abandonando el mismo y continuando su fuga a campo traviesa.<\/p>\n<p>No obstante, los malvivientes fueron detenidos con un operativo cerrojo, logr\u00e1ndose el secuestro de dos armas, una tipo pistola calibre 9 mm, un rev\u00f3lver calibre 38, y una r\u00e9plica de 9 mm, como as\u00ed tambi\u00e9n el rodado en el que circulaban.<\/p>\n<p>Dos de los delincuentes son oriundos en Don Torcuato y otro de Tigre. En la causa interviene la UFI N\u00ba 4 a cargo de la Dra. Irene Molinari, del Departamento Judicial Z\u00e1rate-Campana.<\/p>\n","protected":false},"excerpt":{"rendered":"<p>Del operativo particip\u00f3 la Polic\u00eda de la Provincia de Buenos Aires, a trav\u00e9s del Comando Patrulla, la Polic\u00eda Local y personal del destacamento Alto Los Cardales. El r\u00e1pido accionar de la Polic\u00eda, producto de la reciente reforma realizada en el sistema de cuadr\u00edculas y la utilizaci\u00f3n de la nueva plataforma de seguridad adquirida por el [&hellip;]<\/p>\n","protected":false},"author":4,"featured_media":10035,"comment_status":"open","ping_status":"closed","sticky":false,"template":"","format":"standard","meta":{"om_disable_all_campaigns":false,"_jetpack_memberships_contains_paid_content":false,"footnotes":""},"categories":[621],"tags":[],"class_list":["post-10034","post","type-post","status-publish","format-standard","has-post-thumbnail","hentry","category-regionales"],"aioseo_notices":[],"gutentor_comment":0,"jetpack_featured_media_url":"https:\/\/eldiariodesanpedro.com.ar\/sitio\/wp-content\/uploads\/2016\/11\/Persecucion-Campana-2.jpg","jetpack_shortlink":"https:\/\/wp.me\/p6RhLt-2BQ","jetpack_sharing_enabled":true,"_links":{"self":[{"href":"https:\/\/eldiariodesanpedro.com.ar\/sitio\/wp-json\/wp\/v2\/posts\/10034","targetHints":{"allow":["GET"]}}],"collection":[{"href":"https:\/\/eldiariodesanpedro.com.ar\/sitio\/wp-json\/wp\/v2\/posts"}],"about":[{"href":"https:\/\/eldiariodesanpedro.com.ar\/sitio\/wp-json\/wp\/v2\/types\/post"}],"author":[{"embeddable":true,"href":"https:\/\/eldiariodesanpedro.com.ar\/sitio\/wp-json\/wp\/v2\/users\/4"}],"replies":[{"embeddable":true,"href":"https:\/\/eldiariodesanpedro.com.ar\/sitio\/wp-json\/wp\/v2\/comments?post=10034"}],"version-history":[{"count":1,"href":"https:\/\/eldiariodesanpedro.com.ar\/sitio\/wp-json\/wp\/v2\/posts\/10034\/revisions"}],"predecessor-version":[{"id":10036,"href":"https:\/\/eldiariodesanpedro.com.ar\/sitio\/wp-json\/wp\/v2\/posts\/10034\/revisions\/10036"}],"wp:featuredmedia":[{"embeddable":true,"href":"https:\/\/eldiariodesanpedro.com.ar\/sitio\/wp-json\/wp\/v2\/media\/10035"}],"wp:attachment":[{"href":"https:\/\/eldiariodesanpedro.com.ar\/sitio\/wp-json\/wp\/v2\/media?parent=10034"}],"wp:term":[{"taxonomy":"category","embeddable":true,"href":"https:\/\/eldiariodesanpedro.com.ar\/sitio\/wp-json\/wp\/v2\/categories?post=10034"},{"taxonomy":"post_tag","embeddable":true,"href":"https:\/\/eldiariodesanpedro.com.ar\/sitio\/wp-json\/wp\/v2\/tags?post=10034"}],"curies":[{"name":"wp","href":"https:\/\/api.w.org\/{rel}","templated":true}]}}