{"id":100335,"date":"2021-10-18T22:54:08","date_gmt":"2021-10-19T01:54:08","guid":{"rendered":"https:\/\/eldiariodesanpedro.com.ar\/sitio\/?p=100335"},"modified":"2021-10-18T22:54:28","modified_gmt":"2021-10-19T01:54:28","slug":"el-gobernador-destaco-el-apoyo-al-desarrollo-tecnologico-de-la-produccion-en-un-acto-en-mercedes-con-la-presencia-del-intendente-salazar","status":"publish","type":"post","link":"https:\/\/eldiariodesanpedro.com.ar\/sitio\/el-gobernador-destaco-el-apoyo-al-desarrollo-tecnologico-de-la-produccion-en-un-acto-en-mercedes-con-la-presencia-del-intendente-salazar\/","title":{"rendered":"El Gobernador destac\u00f3 el apoyo al desarrollo tecnol\u00f3gico de la producci\u00f3n en un acto en Mercedes con la presencia del Intendente Salazar"},"content":{"rendered":"<!-- VideographyWP Plugin Message: Automatic video embedding prevented by plugin options. -->\n\n<p>El Intendente Municipal Cecilio Salazar, el Secretario de Desarrollo Econ\u00f3mico Alfredo Carrasco, productores sampedrinos y representantes del INTA San Pedro participaron hoy del acto encabezado por el gobernador Axel Kicillof, inaugurando el Laboratorio de Micropropagaci\u00f3n Vegetal (Biof\u00e1brica o Phytolab) en la chacra experimental de Gowland, partido de Mercedes.<\/p>\n\n\n\n<p>El Intendente tuvo la oportunidad de dialogar con el mandatario provincial a quien invit\u00f3 especialmente para el acto que tendr\u00e1 lugar ma\u00f1ana en el Puerto de San Pedro con la firma del convenio para la reconstrucci\u00f3n del muelle en el Espig\u00f3n N\u00ba1.<\/p>\n\n\n\n<p>El acto incluy\u00f3 una recorrida por el laboratorio de cultivos de tejidos vegetales, de la que tambi\u00e9n participaron el Ministro de Desarrollo Agrario Javier Rodr\u00edguez y la Ministra de Gobierno Cristina \u00c1lvarez Rodr\u00edguez.<\/p>\n\n\n\n<p>El gobernador destac\u00f3 el enorme potencial de toda la zona, haciendo incluso menci\u00f3n de nuestra regi\u00f3n como uno de los pilares de diferentes proyectos, destacando incluso que se pueden concretar iniciativas similares con otros productos de la zona como los duraznos.<\/p>\n\n\n\n<p>\u00abSi viene un gobierno al que no le interesan las chacras experimentales vamos a encontrar ruinas y avances de la vegetaci\u00f3n. El Estado es quien hace las inversiones de riesgo. La tecnolog\u00eda es importante y el Estado es un veh\u00edculo para ella, es importante el sistema p\u00fablico de ciencia e investigaci\u00f3n\u00bb, remarcando en este punto tambi\u00e9n el rol del SENASA.<\/p>\n\n\n\n<p>Adem\u00e1s del Intendente Salazar, participaron del encuentro el intendente anfitri\u00f3n, Juan Ignacio Ustarroz, los intendentes de Navarro, Facundo Diz y de Exaltaci\u00f3n de la Cruz, Diego Nanni; la diputada provincial D\u00e9bora Gal\u00e1n; el senador provincial Facundo Ballesteros, el vicepresidente del INTA, Tomas Schlichter y el Ingeniero Hern\u00e1n Trebino Director del Centro Regional Buenos Aires Norte, entre otros.<\/p>\n\n\n\n<figure class=\"wp-block-image size-large\"><img decoding=\"async\" width=\"768\" height=\"1024\" data-attachment-id=\"100341\" data-permalink=\"https:\/\/eldiariodesanpedro.com.ar\/sitio\/el-gobernador-destaco-el-apoyo-al-desarrollo-tecnologico-de-la-produccion-en-un-acto-en-mercedes-con-la-presencia-del-intendente-salazar\/whatsapp-image-2021-10-18-at-19-58-34-1\/\" data-orig-file=\"https:\/\/eldiariodesanpedro.com.ar\/sitio\/wp-content\/uploads\/2021\/10\/WhatsApp-Image-2021-10-18-at-19.58.34-1.jpeg\" data-orig-size=\"1200,1600\" data-comments-opened=\"0\" data-image-meta=\"{&quot;aperture&quot;:&quot;0&quot;,&quot;credit&quot;:&quot;&quot;,&quot;camera&quot;:&quot;&quot;,&quot;caption&quot;:&quot;&quot;,&quot;created_timestamp&quot;:&quot;0&quot;,&quot;copyright&quot;:&quot;&quot;,&quot;focal_length&quot;:&quot;0&quot;,&quot;iso&quot;:&quot;0&quot;,&quot;shutter_speed&quot;:&quot;0&quot;,&quot;title&quot;:&quot;&quot;,&quot;orientation&quot;:&quot;0&quot;}\" data-image-title=\"WhatsApp Image 2021-10-18 at 19.58.34 (1)\" data-image-description=\"\" data-image-caption=\"\" data-large-file=\"https:\/\/eldiariodesanpedro.com.ar\/sitio\/wp-content\/uploads\/2021\/10\/WhatsApp-Image-2021-10-18-at-19.58.34-1-768x1024.jpeg\" data-src=\"https:\/\/eldiariodesanpedro.com.ar\/sitio\/wp-content\/uploads\/2021\/10\/WhatsApp-Image-2021-10-18-at-19.58.34-1-768x1024.jpeg\" alt=\"\" class=\"wp-image-100341 lazyload\" data-srcset=\"https:\/\/eldiariodesanpedro.com.ar\/sitio\/wp-content\/uploads\/2021\/10\/WhatsApp-Image-2021-10-18-at-19.58.34-1-768x1024.jpeg 768w, https:\/\/eldiariodesanpedro.com.ar\/sitio\/wp-content\/uploads\/2021\/10\/WhatsApp-Image-2021-10-18-at-19.58.34-1-225x300.jpeg 225w, https:\/\/eldiariodesanpedro.com.ar\/sitio\/wp-content\/uploads\/2021\/10\/WhatsApp-Image-2021-10-18-at-19.58.34-1-1152x1536.jpeg 1152w, https:\/\/eldiariodesanpedro.com.ar\/sitio\/wp-content\/uploads\/2021\/10\/WhatsApp-Image-2021-10-18-at-19.58.34-1.jpeg 1200w\" data-sizes=\"(max-width: 768px) 100vw, 768px\" src=\"data:image\/svg+xml;base64,PHN2ZyB3aWR0aD0iMSIgaGVpZ2h0PSIxIiB4bWxucz0iaHR0cDovL3d3dy53My5vcmcvMjAwMC9zdmciPjwvc3ZnPg==\" style=\"--smush-placeholder-width: 768px; --smush-placeholder-aspect-ratio: 768\/1024;\" \/><\/figure>\n\n\n\n<figure class=\"wp-block-image size-large\"><img decoding=\"async\" width=\"768\" height=\"1024\" data-attachment-id=\"100336\" data-permalink=\"https:\/\/eldiariodesanpedro.com.ar\/sitio\/el-gobernador-destaco-el-apoyo-al-desarrollo-tecnologico-de-la-produccion-en-un-acto-en-mercedes-con-la-presencia-del-intendente-salazar\/whatsapp-image-2021-10-18-at-19-58-26\/\" data-orig-file=\"https:\/\/eldiariodesanpedro.com.ar\/sitio\/wp-content\/uploads\/2021\/10\/WhatsApp-Image-2021-10-18-at-19.58.26.jpeg\" data-orig-size=\"1200,1600\" data-comments-opened=\"0\" data-image-meta=\"{&quot;aperture&quot;:&quot;0&quot;,&quot;credit&quot;:&quot;&quot;,&quot;camera&quot;:&quot;&quot;,&quot;caption&quot;:&quot;&quot;,&quot;created_timestamp&quot;:&quot;0&quot;,&quot;copyright&quot;:&quot;&quot;,&quot;focal_length&quot;:&quot;0&quot;,&quot;iso&quot;:&quot;0&quot;,&quot;shutter_speed&quot;:&quot;0&quot;,&quot;title&quot;:&quot;&quot;,&quot;orientation&quot;:&quot;0&quot;}\" data-image-title=\"WhatsApp Image 2021-10-18 at 19.58.26\" data-image-description=\"\" data-image-caption=\"\" data-large-file=\"https:\/\/eldiariodesanpedro.com.ar\/sitio\/wp-content\/uploads\/2021\/10\/WhatsApp-Image-2021-10-18-at-19.58.26-768x1024.jpeg\" data-src=\"https:\/\/eldiariodesanpedro.com.ar\/sitio\/wp-content\/uploads\/2021\/10\/WhatsApp-Image-2021-10-18-at-19.58.26-768x1024.jpeg\" alt=\"\" class=\"wp-image-100336 lazyload\" data-srcset=\"https:\/\/eldiariodesanpedro.com.ar\/sitio\/wp-content\/uploads\/2021\/10\/WhatsApp-Image-2021-10-18-at-19.58.26-768x1024.jpeg 768w, https:\/\/eldiariodesanpedro.com.ar\/sitio\/wp-content\/uploads\/2021\/10\/WhatsApp-Image-2021-10-18-at-19.58.26-225x300.jpeg 225w, https:\/\/eldiariodesanpedro.com.ar\/sitio\/wp-content\/uploads\/2021\/10\/WhatsApp-Image-2021-10-18-at-19.58.26-1152x1536.jpeg 1152w, https:\/\/eldiariodesanpedro.com.ar\/sitio\/wp-content\/uploads\/2021\/10\/WhatsApp-Image-2021-10-18-at-19.58.26.jpeg 1200w\" data-sizes=\"(max-width: 768px) 100vw, 768px\" src=\"data:image\/svg+xml;base64,PHN2ZyB3aWR0aD0iMSIgaGVpZ2h0PSIxIiB4bWxucz0iaHR0cDovL3d3dy53My5vcmcvMjAwMC9zdmciPjwvc3ZnPg==\" style=\"--smush-placeholder-width: 768px; --smush-placeholder-aspect-ratio: 768\/1024;\" \/><\/figure>\n\n\n\n<figure class=\"wp-block-image size-large\"><img decoding=\"async\" width=\"1024\" height=\"768\" data-attachment-id=\"100338\" data-permalink=\"https:\/\/eldiariodesanpedro.com.ar\/sitio\/el-gobernador-destaco-el-apoyo-al-desarrollo-tecnologico-de-la-produccion-en-un-acto-en-mercedes-con-la-presencia-del-intendente-salazar\/whatsapp-image-2021-10-18-at-19-58-32\/\" data-orig-file=\"https:\/\/eldiariodesanpedro.com.ar\/sitio\/wp-content\/uploads\/2021\/10\/WhatsApp-Image-2021-10-18-at-19.58.32.jpeg\" data-orig-size=\"1599,1200\" data-comments-opened=\"0\" data-image-meta=\"{&quot;aperture&quot;:&quot;0&quot;,&quot;credit&quot;:&quot;&quot;,&quot;camera&quot;:&quot;&quot;,&quot;caption&quot;:&quot;&quot;,&quot;created_timestamp&quot;:&quot;0&quot;,&quot;copyright&quot;:&quot;&quot;,&quot;focal_length&quot;:&quot;0&quot;,&quot;iso&quot;:&quot;0&quot;,&quot;shutter_speed&quot;:&quot;0&quot;,&quot;title&quot;:&quot;&quot;,&quot;orientation&quot;:&quot;0&quot;}\" data-image-title=\"WhatsApp Image 2021-10-18 at 19.58.32\" data-image-description=\"\" data-image-caption=\"\" data-large-file=\"https:\/\/eldiariodesanpedro.com.ar\/sitio\/wp-content\/uploads\/2021\/10\/WhatsApp-Image-2021-10-18-at-19.58.32-1024x768.jpeg\" data-src=\"https:\/\/eldiariodesanpedro.com.ar\/sitio\/wp-content\/uploads\/2021\/10\/WhatsApp-Image-2021-10-18-at-19.58.32-1024x768.jpeg\" alt=\"\" class=\"wp-image-100338 lazyload\" data-srcset=\"https:\/\/eldiariodesanpedro.com.ar\/sitio\/wp-content\/uploads\/2021\/10\/WhatsApp-Image-2021-10-18-at-19.58.32-1024x768.jpeg 1024w, https:\/\/eldiariodesanpedro.com.ar\/sitio\/wp-content\/uploads\/2021\/10\/WhatsApp-Image-2021-10-18-at-19.58.32-300x225.jpeg 300w, https:\/\/eldiariodesanpedro.com.ar\/sitio\/wp-content\/uploads\/2021\/10\/WhatsApp-Image-2021-10-18-at-19.58.32-768x576.jpeg 768w, https:\/\/eldiariodesanpedro.com.ar\/sitio\/wp-content\/uploads\/2021\/10\/WhatsApp-Image-2021-10-18-at-19.58.32-1536x1153.jpeg 1536w, https:\/\/eldiariodesanpedro.com.ar\/sitio\/wp-content\/uploads\/2021\/10\/WhatsApp-Image-2021-10-18-at-19.58.32-500x375.jpeg 500w, https:\/\/eldiariodesanpedro.com.ar\/sitio\/wp-content\/uploads\/2021\/10\/WhatsApp-Image-2021-10-18-at-19.58.32.jpeg 1599w\" data-sizes=\"(max-width: 1024px) 100vw, 1024px\" src=\"data:image\/svg+xml;base64,PHN2ZyB3aWR0aD0iMSIgaGVpZ2h0PSIxIiB4bWxucz0iaHR0cDovL3d3dy53My5vcmcvMjAwMC9zdmciPjwvc3ZnPg==\" style=\"--smush-placeholder-width: 1024px; --smush-placeholder-aspect-ratio: 1024\/768;\" \/><\/figure>\n","protected":false},"excerpt":{"rendered":"<p>El Intendente Municipal Cecilio Salazar, el Secretario de Desarrollo Econ\u00f3mico Alfredo Carrasco, productores sampedrinos y representantes del INTA San Pedro participaron hoy del acto encabezado por el gobernador Axel Kicillof, inaugurando el Laboratorio de Micropropagaci\u00f3n Vegetal (Biof\u00e1brica o Phytolab) en la chacra experimental de Gowland, partido de Mercedes. El Intendente tuvo la oportunidad de dialogar [&hellip;]<\/p>\n","protected":false},"author":4,"featured_media":100341,"comment_status":"closed","ping_status":"closed","sticky":false,"template":"","format":"standard","meta":{"om_disable_all_campaigns":false,"_jetpack_memberships_contains_paid_content":false,"footnotes":""},"categories":[50,101,2],"tags":[197,2500,696,33,19],"class_list":["post-100335","post","type-post","status-publish","format-standard","has-post-thumbnail","hentry","category-destacadas","category-interes-general-locales","category-locales","tag-buenos-aires","tag-el-gobernador-destaco-el-apoyo-al-desarrollo-tecnologico-de-la-produccion-en-un-acto-en-mercedes-con-la-presencia-del-intendente-salazar","tag-interes-general","tag-locales","tag-san-pedro"],"aioseo_notices":[],"gutentor_comment":0,"jetpack_featured_media_url":"https:\/\/eldiariodesanpedro.com.ar\/sitio\/wp-content\/uploads\/2021\/10\/WhatsApp-Image-2021-10-18-at-19.58.34-1.jpeg","jetpack_shortlink":"https:\/\/wp.me\/p6RhLt-q6j","jetpack_sharing_enabled":true,"_links":{"self":[{"href":"https:\/\/eldiariodesanpedro.com.ar\/sitio\/wp-json\/wp\/v2\/posts\/100335","targetHints":{"allow":["GET"]}}],"collection":[{"href":"https:\/\/eldiariodesanpedro.com.ar\/sitio\/wp-json\/wp\/v2\/posts"}],"about":[{"href":"https:\/\/eldiariodesanpedro.com.ar\/sitio\/wp-json\/wp\/v2\/types\/post"}],"author":[{"embeddable":true,"href":"https:\/\/eldiariodesanpedro.com.ar\/sitio\/wp-json\/wp\/v2\/users\/4"}],"replies":[{"embeddable":true,"href":"https:\/\/eldiariodesanpedro.com.ar\/sitio\/wp-json\/wp\/v2\/comments?post=100335"}],"version-history":[{"count":1,"href":"https:\/\/eldiariodesanpedro.com.ar\/sitio\/wp-json\/wp\/v2\/posts\/100335\/revisions"}],"predecessor-version":[{"id":100342,"href":"https:\/\/eldiariodesanpedro.com.ar\/sitio\/wp-json\/wp\/v2\/posts\/100335\/revisions\/100342"}],"wp:featuredmedia":[{"embeddable":true,"href":"https:\/\/eldiariodesanpedro.com.ar\/sitio\/wp-json\/wp\/v2\/media\/100341"}],"wp:attachment":[{"href":"https:\/\/eldiariodesanpedro.com.ar\/sitio\/wp-json\/wp\/v2\/media?parent=100335"}],"wp:term":[{"taxonomy":"category","embeddable":true,"href":"https:\/\/eldiariodesanpedro.com.ar\/sitio\/wp-json\/wp\/v2\/categories?post=100335"},{"taxonomy":"post_tag","embeddable":true,"href":"https:\/\/eldiariodesanpedro.com.ar\/sitio\/wp-json\/wp\/v2\/tags?post=100335"}],"curies":[{"name":"wp","href":"https:\/\/api.w.org\/{rel}","templated":true}]}}