{"id":100311,"date":"2021-10-18T20:14:18","date_gmt":"2021-10-18T23:14:18","guid":{"rendered":"https:\/\/eldiariodesanpedro.com.ar\/sitio\/?p=100311"},"modified":"2021-10-18T20:14:19","modified_gmt":"2021-10-18T23:14:19","slug":"comienza-a-funcionar-el-edificio-del-departamento-canino-y-felino","status":"publish","type":"post","link":"https:\/\/eldiariodesanpedro.com.ar\/sitio\/comienza-a-funcionar-el-edificio-del-departamento-canino-y-felino\/","title":{"rendered":"Comienza a funcionar el edificio del Departamento Canino y Felino"},"content":{"rendered":"<!-- VideographyWP Plugin Message: Automatic video embedding prevented by plugin options. -->\n\n<p>El Departamento Canino y Felino, dependiente de la Secretar\u00eda de Salud de la Municipalidad de San Pedro comenzar\u00e1 a funcionar en el edificio ubicado en Salta y 9 de julio a partir de este mi\u00e9rcoles 20 de octubre. La atenci\u00f3n al p\u00fablico ser\u00e1 de lunes a viernes de 8 a 14 hs.<\/p>\n\n\n\n<p>El Veterinario Federico Reyna, responsable del \u00e1rea que viene llevando adelante centenares de castraciones e intensas campa\u00f1as de vacunaci\u00f3n comenzar\u00e1 con las primeras vacunaciones en el centro de atenci\u00f3n municipal. Adem\u00e1s se llevar\u00e1n a cabo castraciones previamente programadas, dado que todas se realizar\u00e1n con turno previo comunic\u00e1ndose al 3329-317015 (llamadas o WhatsApp).<\/p>\n","protected":false},"excerpt":{"rendered":"<p>El Departamento Canino y Felino, dependiente de la Secretar\u00eda de Salud de la Municipalidad de San Pedro comenzar\u00e1 a funcionar en el edificio ubicado en Salta y 9 de julio a partir de este mi\u00e9rcoles 20 de octubre. La atenci\u00f3n al p\u00fablico ser\u00e1 de lunes a viernes de 8 a 14 hs. El Veterinario Federico [&hellip;]<\/p>\n","protected":false},"author":4,"featured_media":100312,"comment_status":"closed","ping_status":"closed","sticky":false,"template":"","format":"standard","meta":{"om_disable_all_campaigns":false,"_jetpack_memberships_contains_paid_content":false,"footnotes":""},"categories":[101,2],"tags":[197,2491,696,33,19],"class_list":["post-100311","post","type-post","status-publish","format-standard","has-post-thumbnail","hentry","category-interes-general-locales","category-locales","tag-buenos-aires","tag-comienza-a-funcionar-el-edificio-del-departamento-canino-y-felino","tag-interes-general","tag-locales","tag-san-pedro"],"aioseo_notices":[],"gutentor_comment":0,"jetpack_featured_media_url":"https:\/\/eldiariodesanpedro.com.ar\/sitio\/wp-content\/uploads\/2021\/10\/WhatsApp-Image-2021-10-18-at-18.50.14.jpeg","jetpack_shortlink":"https:\/\/wp.me\/p6RhLt-q5V","jetpack_sharing_enabled":true,"_links":{"self":[{"href":"https:\/\/eldiariodesanpedro.com.ar\/sitio\/wp-json\/wp\/v2\/posts\/100311","targetHints":{"allow":["GET"]}}],"collection":[{"href":"https:\/\/eldiariodesanpedro.com.ar\/sitio\/wp-json\/wp\/v2\/posts"}],"about":[{"href":"https:\/\/eldiariodesanpedro.com.ar\/sitio\/wp-json\/wp\/v2\/types\/post"}],"author":[{"embeddable":true,"href":"https:\/\/eldiariodesanpedro.com.ar\/sitio\/wp-json\/wp\/v2\/users\/4"}],"replies":[{"embeddable":true,"href":"https:\/\/eldiariodesanpedro.com.ar\/sitio\/wp-json\/wp\/v2\/comments?post=100311"}],"version-history":[{"count":1,"href":"https:\/\/eldiariodesanpedro.com.ar\/sitio\/wp-json\/wp\/v2\/posts\/100311\/revisions"}],"predecessor-version":[{"id":100313,"href":"https:\/\/eldiariodesanpedro.com.ar\/sitio\/wp-json\/wp\/v2\/posts\/100311\/revisions\/100313"}],"wp:featuredmedia":[{"embeddable":true,"href":"https:\/\/eldiariodesanpedro.com.ar\/sitio\/wp-json\/wp\/v2\/media\/100312"}],"wp:attachment":[{"href":"https:\/\/eldiariodesanpedro.com.ar\/sitio\/wp-json\/wp\/v2\/media?parent=100311"}],"wp:term":[{"taxonomy":"category","embeddable":true,"href":"https:\/\/eldiariodesanpedro.com.ar\/sitio\/wp-json\/wp\/v2\/categories?post=100311"},{"taxonomy":"post_tag","embeddable":true,"href":"https:\/\/eldiariodesanpedro.com.ar\/sitio\/wp-json\/wp\/v2\/tags?post=100311"}],"curies":[{"name":"wp","href":"https:\/\/api.w.org\/{rel}","templated":true}]}}