{"id":10031,"date":"2016-11-10T18:56:08","date_gmt":"2016-11-10T21:56:08","guid":{"rendered":"https:\/\/eldiariodesanpedro.com.ar\/sitio\/?p=10031"},"modified":"2016-11-10T18:56:08","modified_gmt":"2016-11-10T21:56:08","slug":"san-antonio-de-areco-dos-nuevos-robos-en-la-ciudad-suman-diez-en-solo-20-dias","status":"publish","type":"post","link":"https:\/\/eldiariodesanpedro.com.ar\/sitio\/san-antonio-de-areco-dos-nuevos-robos-en-la-ciudad-suman-diez-en-solo-20-dias\/","title":{"rendered":"San Antonio de Areco: Dos nuevos robos en la ciudad, suman diez en solo 20 d\u00edas"},"content":{"rendered":"<p><!-- VideographyWP Plugin Message: Automatic video embedding prevented by plugin options. --><br \/>\nGran preocupaci\u00f3n en la ciudad por la cantidad de delitos. Se estima que muchos de ellos no fueron denunciados o presentados oficialmente ante los medios.<\/p>\n<p>Vecinos de la calle Alberdi llegaron esta ma\u00f1ana hasta la comisar\u00eda local para reclamar seguridad y presencia de m\u00f3viles en la zona. \u201cYa son tres manzanas las que robaron\u201d, dijeron.<br \/>\nAnoche una familia sufri\u00f3 un triste episodio en aquel lugar, mientras que el otro hecho ocurri\u00f3 en la Av. Quetgles, frente a la Escuela T\u00e9cnica.<\/p>\n<p>Se suma al caso del secretario del Honorable Concejo Deliberante, Tom\u00e1s Proske, y su esposa, In\u00e9s Tiramonti. De su casa, los ladrones se llevaron importantes elementos de valor afectivo m\u00e1s que econ\u00f3mico, seg\u00fan el testimonio de In\u00e9s.<\/p>\n<p>El oficial principal Fernando Molina inform\u00f3 que el episodio ocurri\u00f3 el d\u00eda s\u00e1bado, bajo la modalidad denominada escruche (as\u00ed se conoce cuando nadie se encuentra en el lugar), y los autores ignorados hasta el momento sustrajeron relojes y alhajas, entre otros objetos de valor.<\/p>\n","protected":false},"excerpt":{"rendered":"<p>Gran preocupaci\u00f3n en la ciudad por la cantidad de delitos. Se estima que muchos de ellos no fueron denunciados o presentados oficialmente ante los medios. Vecinos de la calle Alberdi llegaron esta ma\u00f1ana hasta la comisar\u00eda local para reclamar seguridad y presencia de m\u00f3viles en la zona. \u201cYa son tres manzanas las que robaron\u201d, dijeron. [&hellip;]<\/p>\n","protected":false},"author":4,"featured_media":7053,"comment_status":"open","ping_status":"closed","sticky":false,"template":"","format":"standard","meta":{"om_disable_all_campaigns":false,"_jetpack_memberships_contains_paid_content":false,"footnotes":""},"categories":[621],"tags":[],"class_list":["post-10031","post","type-post","status-publish","format-standard","has-post-thumbnail","hentry","category-regionales"],"aioseo_notices":[],"gutentor_comment":0,"jetpack_featured_media_url":"https:\/\/eldiariodesanpedro.com.ar\/sitio\/wp-content\/uploads\/2016\/08\/robo-de-auto.jpg","jetpack_shortlink":"https:\/\/wp.me\/p6RhLt-2BN","jetpack_sharing_enabled":true,"_links":{"self":[{"href":"https:\/\/eldiariodesanpedro.com.ar\/sitio\/wp-json\/wp\/v2\/posts\/10031","targetHints":{"allow":["GET"]}}],"collection":[{"href":"https:\/\/eldiariodesanpedro.com.ar\/sitio\/wp-json\/wp\/v2\/posts"}],"about":[{"href":"https:\/\/eldiariodesanpedro.com.ar\/sitio\/wp-json\/wp\/v2\/types\/post"}],"author":[{"embeddable":true,"href":"https:\/\/eldiariodesanpedro.com.ar\/sitio\/wp-json\/wp\/v2\/users\/4"}],"replies":[{"embeddable":true,"href":"https:\/\/eldiariodesanpedro.com.ar\/sitio\/wp-json\/wp\/v2\/comments?post=10031"}],"version-history":[{"count":2,"href":"https:\/\/eldiariodesanpedro.com.ar\/sitio\/wp-json\/wp\/v2\/posts\/10031\/revisions"}],"predecessor-version":[{"id":10033,"href":"https:\/\/eldiariodesanpedro.com.ar\/sitio\/wp-json\/wp\/v2\/posts\/10031\/revisions\/10033"}],"wp:featuredmedia":[{"embeddable":true,"href":"https:\/\/eldiariodesanpedro.com.ar\/sitio\/wp-json\/wp\/v2\/media\/7053"}],"wp:attachment":[{"href":"https:\/\/eldiariodesanpedro.com.ar\/sitio\/wp-json\/wp\/v2\/media?parent=10031"}],"wp:term":[{"taxonomy":"category","embeddable":true,"href":"https:\/\/eldiariodesanpedro.com.ar\/sitio\/wp-json\/wp\/v2\/categories?post=10031"},{"taxonomy":"post_tag","embeddable":true,"href":"https:\/\/eldiariodesanpedro.com.ar\/sitio\/wp-json\/wp\/v2\/tags?post=10031"}],"curies":[{"name":"wp","href":"https:\/\/api.w.org\/{rel}","templated":true}]}}