{"id":100308,"date":"2021-10-18T18:10:08","date_gmt":"2021-10-18T21:10:08","guid":{"rendered":"https:\/\/eldiariodesanpedro.com.ar\/sitio\/?p=100308"},"modified":"2021-10-18T18:10:12","modified_gmt":"2021-10-18T21:10:12","slug":"sergio-massa-visitara-manana-san-pedro","status":"publish","type":"post","link":"https:\/\/eldiariodesanpedro.com.ar\/sitio\/sergio-massa-visitara-manana-san-pedro\/","title":{"rendered":"Sergio Massa visitar\u00e1 ma\u00f1ana San Pedro"},"content":{"rendered":"<!-- VideographyWP Plugin Message: Automatic video embedding prevented by plugin options. -->\n\n<p>El presidente de la C\u00e1mara de Diputados de la Naci\u00f3n, junto al ministro de Transportes, arribar\u00e1n a San Pedro cerca de las 15.00. En primera instancia compartir\u00e1n una reuni\u00f3n con el intendente Cecilio Salazar en su despacho. Luego los funcionarios nacionales se dirigir\u00e1n al Puerto, donde ser\u00e1n recibidos por el presidente del Consorcio de Gesti\u00f3n, Eliseo Almada. Anunciar\u00e1n una obra de aproximadamente mil millones de pesos en el Puerto local.<\/p>\n\n\n\n<p>San Pedro contar\u00e1 este martes con la visita de dos funcionarios de primera l\u00ednea del gobierno nacional: se trata del l\u00edder del Frente Renovador y presidente de la C\u00e1mara de Diputados de la Naci\u00f3n, Sergio Massa, acompa\u00f1ado por el ministro de Transporte de Alberto Fern\u00e1ndez, Alexis Guerrera.<\/p>\n\n\n\n<p>La visita de los funcionarios fue confirmada<strong>\u00a0<\/strong>y se concretar\u00e1 \u00abcerca de las 15.00\u00bb. En primera instancia, Massa y Guerrera se reunir\u00e1n con el intendente Cecilio Salazar y parte de su gabinete en su despacho. Luego, la comitiva se trasladar\u00e1 al Puerto local.<\/p>\n\n\n\n<p>La visita de los funcionarios servir\u00e1 para concretar la firma del convenio con el ministerio de Transporte para la reparaci\u00f3n del muelle cabecera, una obra que tendr\u00e1 una inversi\u00f3n aproximada de mil millones de pesos.<\/p>\n\n\n\n<p>Cabe recordar que, meses atr\u00e1s, el ahora fallecido Mario Meoni anunci\u00f3 la primera parte de la inversi\u00f3n, consistente en la ejecuci\u00f3n de estudios y an\u00e1lisis para determinar las necesidades del Puerto local. Terminados esos estudios preliminares, esta segunda parte consistir\u00e1 en la concreci\u00f3n de la millonaria inversi\u00f3n.&nbsp;<\/p>\n","protected":false},"excerpt":{"rendered":"<p>El presidente de la C\u00e1mara de Diputados de la Naci\u00f3n, junto al ministro de Transportes, arribar\u00e1n a San Pedro cerca de las 15.00. En primera instancia compartir\u00e1n una reuni\u00f3n con el intendente Cecilio Salazar en su despacho. Luego los funcionarios nacionales se dirigir\u00e1n al Puerto, donde ser\u00e1n recibidos por el presidente del Consorcio de Gesti\u00f3n, [&hellip;]<\/p>\n","protected":false},"author":4,"featured_media":100309,"comment_status":"closed","ping_status":"closed","sticky":false,"template":"","format":"standard","meta":{"om_disable_all_campaigns":false,"_jetpack_memberships_contains_paid_content":false,"footnotes":""},"categories":[50,101,2],"tags":[197,696,33,19,91,2490],"class_list":["post-100308","post","type-post","status-publish","format-standard","has-post-thumbnail","hentry","category-destacadas","category-interes-general-locales","category-locales","tag-buenos-aires","tag-interes-general","tag-locales","tag-san-pedro","tag-sergio-massa","tag-visitara-manana-san-pedro"],"aioseo_notices":[],"gutentor_comment":0,"jetpack_featured_media_url":"https:\/\/eldiariodesanpedro.com.ar\/sitio\/wp-content\/uploads\/2021\/10\/sergio-massa-equilibrista-del-poder-1156189.jpg","jetpack_shortlink":"https:\/\/wp.me\/p6RhLt-q5S","jetpack_sharing_enabled":true,"_links":{"self":[{"href":"https:\/\/eldiariodesanpedro.com.ar\/sitio\/wp-json\/wp\/v2\/posts\/100308","targetHints":{"allow":["GET"]}}],"collection":[{"href":"https:\/\/eldiariodesanpedro.com.ar\/sitio\/wp-json\/wp\/v2\/posts"}],"about":[{"href":"https:\/\/eldiariodesanpedro.com.ar\/sitio\/wp-json\/wp\/v2\/types\/post"}],"author":[{"embeddable":true,"href":"https:\/\/eldiariodesanpedro.com.ar\/sitio\/wp-json\/wp\/v2\/users\/4"}],"replies":[{"embeddable":true,"href":"https:\/\/eldiariodesanpedro.com.ar\/sitio\/wp-json\/wp\/v2\/comments?post=100308"}],"version-history":[{"count":1,"href":"https:\/\/eldiariodesanpedro.com.ar\/sitio\/wp-json\/wp\/v2\/posts\/100308\/revisions"}],"predecessor-version":[{"id":100310,"href":"https:\/\/eldiariodesanpedro.com.ar\/sitio\/wp-json\/wp\/v2\/posts\/100308\/revisions\/100310"}],"wp:featuredmedia":[{"embeddable":true,"href":"https:\/\/eldiariodesanpedro.com.ar\/sitio\/wp-json\/wp\/v2\/media\/100309"}],"wp:attachment":[{"href":"https:\/\/eldiariodesanpedro.com.ar\/sitio\/wp-json\/wp\/v2\/media?parent=100308"}],"wp:term":[{"taxonomy":"category","embeddable":true,"href":"https:\/\/eldiariodesanpedro.com.ar\/sitio\/wp-json\/wp\/v2\/categories?post=100308"},{"taxonomy":"post_tag","embeddable":true,"href":"https:\/\/eldiariodesanpedro.com.ar\/sitio\/wp-json\/wp\/v2\/tags?post=100308"}],"curies":[{"name":"wp","href":"https:\/\/api.w.org\/{rel}","templated":true}]}}