{"id":100305,"date":"2021-10-18T17:59:43","date_gmt":"2021-10-18T20:59:43","guid":{"rendered":"https:\/\/eldiariodesanpedro.com.ar\/sitio\/?p=100305"},"modified":"2021-10-18T17:59:48","modified_gmt":"2021-10-18T20:59:48","slug":"el-intendente-recibio-a-la-presidenta-de-la-comision-directiva-de-andar","status":"publish","type":"post","link":"https:\/\/eldiariodesanpedro.com.ar\/sitio\/el-intendente-recibio-a-la-presidenta-de-la-comision-directiva-de-andar\/","title":{"rendered":"El Intendente recibi\u00f3 a la Presidenta de la Comisi\u00f3n Directiva de ANDAR"},"content":{"rendered":"<!-- VideographyWP Plugin Message: Automatic video embedding prevented by plugin options. -->\n\n<p>Esta ma\u00f1ana, el Intendente Cecilio Salazar junto al Secretario de Salud Dr. Daniel Creus, recibi\u00f3 a Susana Gil, presidenta de la comisi\u00f3n directiva de ANDAR para manifestar el agradecimiento por parte de la Municipalidad de San Pedro por el apoyo y compromiso recibido desde la instituci\u00f3n durante la pandemia.<\/p>\n\n\n\n<p>Luego de la inauguraci\u00f3n de las nuevas salas de internaci\u00f3n del Hospital que ha permitido cerrar el centro de atenci\u00f3n que hab\u00eda sido abierto en ANDAR y tras varias muestras de reconocimiento p\u00fablico se concret\u00f3 la reuni\u00f3n con la presidenta de la entidad.<\/p>\n","protected":false},"excerpt":{"rendered":"<p>Esta ma\u00f1ana, el Intendente Cecilio Salazar junto al Secretario de Salud Dr. Daniel Creus, recibi\u00f3 a Susana Gil, presidenta de la comisi\u00f3n directiva de ANDAR para manifestar el agradecimiento por parte de la Municipalidad de San Pedro por el apoyo y compromiso recibido desde la instituci\u00f3n durante la pandemia. Luego de la inauguraci\u00f3n de las [&hellip;]<\/p>\n","protected":false},"author":4,"featured_media":100306,"comment_status":"closed","ping_status":"closed","sticky":false,"template":"","format":"standard","meta":{"om_disable_all_campaigns":false,"_jetpack_memberships_contains_paid_content":false,"footnotes":""},"categories":[101,2],"tags":[197,2489,696,33,19],"class_list":["post-100305","post","type-post","status-publish","format-standard","has-post-thumbnail","hentry","category-interes-general-locales","category-locales","tag-buenos-aires","tag-el-intendente-recibio-a-la-presidenta-de-la-comision-directiva-de-andar","tag-interes-general","tag-locales","tag-san-pedro"],"aioseo_notices":[],"gutentor_comment":0,"jetpack_featured_media_url":"https:\/\/eldiariodesanpedro.com.ar\/sitio\/wp-content\/uploads\/2021\/10\/WhatsApp-Image-2021-10-18-at-13.26.45.jpeg","jetpack_shortlink":"https:\/\/wp.me\/p6RhLt-q5P","jetpack_sharing_enabled":true,"_links":{"self":[{"href":"https:\/\/eldiariodesanpedro.com.ar\/sitio\/wp-json\/wp\/v2\/posts\/100305","targetHints":{"allow":["GET"]}}],"collection":[{"href":"https:\/\/eldiariodesanpedro.com.ar\/sitio\/wp-json\/wp\/v2\/posts"}],"about":[{"href":"https:\/\/eldiariodesanpedro.com.ar\/sitio\/wp-json\/wp\/v2\/types\/post"}],"author":[{"embeddable":true,"href":"https:\/\/eldiariodesanpedro.com.ar\/sitio\/wp-json\/wp\/v2\/users\/4"}],"replies":[{"embeddable":true,"href":"https:\/\/eldiariodesanpedro.com.ar\/sitio\/wp-json\/wp\/v2\/comments?post=100305"}],"version-history":[{"count":1,"href":"https:\/\/eldiariodesanpedro.com.ar\/sitio\/wp-json\/wp\/v2\/posts\/100305\/revisions"}],"predecessor-version":[{"id":100307,"href":"https:\/\/eldiariodesanpedro.com.ar\/sitio\/wp-json\/wp\/v2\/posts\/100305\/revisions\/100307"}],"wp:featuredmedia":[{"embeddable":true,"href":"https:\/\/eldiariodesanpedro.com.ar\/sitio\/wp-json\/wp\/v2\/media\/100306"}],"wp:attachment":[{"href":"https:\/\/eldiariodesanpedro.com.ar\/sitio\/wp-json\/wp\/v2\/media?parent=100305"}],"wp:term":[{"taxonomy":"category","embeddable":true,"href":"https:\/\/eldiariodesanpedro.com.ar\/sitio\/wp-json\/wp\/v2\/categories?post=100305"},{"taxonomy":"post_tag","embeddable":true,"href":"https:\/\/eldiariodesanpedro.com.ar\/sitio\/wp-json\/wp\/v2\/tags?post=100305"}],"curies":[{"name":"wp","href":"https:\/\/api.w.org\/{rel}","templated":true}]}}