{"id":100292,"date":"2021-10-18T12:48:41","date_gmt":"2021-10-18T15:48:41","guid":{"rendered":"https:\/\/eldiariodesanpedro.com.ar\/sitio\/?p=100292"},"modified":"2021-10-18T12:48:45","modified_gmt":"2021-10-18T15:48:45","slug":"l-gante-la-rompio-en-san-pedro-junto-a-perro-primo-y-los-locales-malivu-2","status":"publish","type":"post","link":"https:\/\/eldiariodesanpedro.com.ar\/sitio\/l-gante-la-rompio-en-san-pedro-junto-a-perro-primo-y-los-locales-malivu-2\/","title":{"rendered":"L-Gante la rompio en San Pedro junto a Perro Primo y los locales Maliv\u00fa"},"content":{"rendered":"<!-- VideographyWP Plugin Message: Automatic video embedding prevented by plugin options. -->\n\n<p>Este s\u00e1bado estuvo en San Pedro el artista m\u00e1s reconocido del momento en Argentina, y quien estuvo reunido hace pocos d\u00edas con el Presidente de nuestro pa\u00eds, adem\u00e1s estuvieron acompa\u00f1ando como banda soporte un grupo de j\u00f3venes sampedrinos liderado por Miguel Arevalo y Albertina Rimasa.<\/p>\n\n\n\n<p>Este s\u00e1bado el local bailable Lux en conjunto con el Club La Esperanza y el Sonido de Federico Noat dieron lugar al show de L-Gante, el artista m\u00e1s reconocido de Argentina.<\/p>\n\n\n\n<p>L-Gante es el creador de la cumbia 420 que explot\u00f3 a nivel local y en todo los pa\u00edses de habla hispana incluyendo en Estados Unidos y que hace muy poco tiempo estuvo reunido con el Presidente Alberto Fernandez y la ex presidenta Cristina Fernandez de Kirchner lo nombre en uno de sus discursos.<\/p>\n\n\n\n<p>Con una gran cantidad de publico ademas actuo otro joven artista \u201cPerro Primo\u201d quien tambi\u00e9n es reconocido artista nacional de la cumbia 420, y por supuesto estuvieron como banda soporte la joven banda sampedrina \u201cMaliv\u00fa\u201d\u00a0 liderada por Miguel Arevalo y Albertina Rimasa entre otros grandes m\u00fasicos de nuestra ciudad.<\/p>\n\n\n\n<iframe data-src=\"https:\/\/www.facebook.com\/plugins\/post.php?href=https%3A%2F%2Fwww.facebook.com%2Fdiariosp2%2Fposts%2F195123709386169&#038;show_text=true&#038;width=500\" width=\"500\" height=\"667\" style=\"border:none;overflow:hidden\" scrolling=\"no\" frameborder=\"0\" allowfullscreen=\"true\" allow=\"autoplay; clipboard-write; encrypted-media; picture-in-picture; web-share\" src=\"data:image\/svg+xml;base64,PHN2ZyB3aWR0aD0iMSIgaGVpZ2h0PSIxIiB4bWxucz0iaHR0cDovL3d3dy53My5vcmcvMjAwMC9zdmciPjwvc3ZnPg==\" class=\"lazyload\" data-load-mode=\"1\"><\/iframe>\n","protected":false},"excerpt":{"rendered":"<p>Este s\u00e1bado estuvo en San Pedro el artista m\u00e1s reconocido del momento en Argentina, y quien estuvo reunido hace pocos d\u00edas con el Presidente de nuestro pa\u00eds, adem\u00e1s estuvieron acompa\u00f1ando como banda soporte un grupo de j\u00f3venes sampedrinos liderado por Miguel Arevalo y Albertina Rimasa. Este s\u00e1bado el local bailable Lux en conjunto con el [&hellip;]<\/p>\n","protected":false},"author":4,"featured_media":100290,"comment_status":"closed","ping_status":"closed","sticky":false,"template":"","format":"standard","meta":{"om_disable_all_campaigns":false,"_jetpack_memberships_contains_paid_content":false,"footnotes":""},"categories":[50,101,2],"tags":[197,2488,33,19],"class_list":["post-100292","post","type-post","status-publish","format-standard","has-post-thumbnail","hentry","category-destacadas","category-interes-general-locales","category-locales","tag-buenos-aires","tag-l-gante-la-rompio-en-san-pedro-junto-a-perro-primo-y-los-locales-malivu","tag-locales","tag-san-pedro"],"aioseo_notices":[],"gutentor_comment":0,"jetpack_featured_media_url":"https:\/\/eldiariodesanpedro.com.ar\/sitio\/wp-content\/uploads\/2021\/10\/246397557_195118632720010_3925284424122898810_n.jpg","jetpack_shortlink":"https:\/\/wp.me\/p6RhLt-q5C","jetpack_sharing_enabled":true,"_links":{"self":[{"href":"https:\/\/eldiariodesanpedro.com.ar\/sitio\/wp-json\/wp\/v2\/posts\/100292","targetHints":{"allow":["GET"]}}],"collection":[{"href":"https:\/\/eldiariodesanpedro.com.ar\/sitio\/wp-json\/wp\/v2\/posts"}],"about":[{"href":"https:\/\/eldiariodesanpedro.com.ar\/sitio\/wp-json\/wp\/v2\/types\/post"}],"author":[{"embeddable":true,"href":"https:\/\/eldiariodesanpedro.com.ar\/sitio\/wp-json\/wp\/v2\/users\/4"}],"replies":[{"embeddable":true,"href":"https:\/\/eldiariodesanpedro.com.ar\/sitio\/wp-json\/wp\/v2\/comments?post=100292"}],"version-history":[{"count":1,"href":"https:\/\/eldiariodesanpedro.com.ar\/sitio\/wp-json\/wp\/v2\/posts\/100292\/revisions"}],"predecessor-version":[{"id":100295,"href":"https:\/\/eldiariodesanpedro.com.ar\/sitio\/wp-json\/wp\/v2\/posts\/100292\/revisions\/100295"}],"wp:featuredmedia":[{"embeddable":true,"href":"https:\/\/eldiariodesanpedro.com.ar\/sitio\/wp-json\/wp\/v2\/media\/100290"}],"wp:attachment":[{"href":"https:\/\/eldiariodesanpedro.com.ar\/sitio\/wp-json\/wp\/v2\/media?parent=100292"}],"wp:term":[{"taxonomy":"category","embeddable":true,"href":"https:\/\/eldiariodesanpedro.com.ar\/sitio\/wp-json\/wp\/v2\/categories?post=100292"},{"taxonomy":"post_tag","embeddable":true,"href":"https:\/\/eldiariodesanpedro.com.ar\/sitio\/wp-json\/wp\/v2\/tags?post=100292"}],"curies":[{"name":"wp","href":"https:\/\/api.w.org\/{rel}","templated":true}]}}