{"id":100287,"date":"2021-10-18T12:26:52","date_gmt":"2021-10-18T15:26:52","guid":{"rendered":"https:\/\/eldiariodesanpedro.com.ar\/sitio\/?p=100287"},"modified":"2021-10-18T12:26:58","modified_gmt":"2021-10-18T15:26:58","slug":"el-dr-scorcelli-fue-parte-del-equipo-de-profesionales-que-participo-en-expo-cannabis-2","status":"publish","type":"post","link":"https:\/\/eldiariodesanpedro.com.ar\/sitio\/el-dr-scorcelli-fue-parte-del-equipo-de-profesionales-que-participo-en-expo-cannabis-2\/","title":{"rendered":"El Dr. Scorcelli fue parte del equipo de profesionales que particip\u00f3 en Expo Cannabis"},"content":{"rendered":"<!-- VideographyWP Plugin Message: Automatic video embedding prevented by plugin options. -->\n\n<p>El Dr. Joel Scorcelli particip\u00f3 en representaci\u00f3n del equipo m\u00e9dico de la Secretar\u00eda de Salud de la Municipalidad de San Pedro y fue parte del equipo de profesionales que atendieron m\u00faltiples consultas presenciales y virtuales en la exposici\u00f3n que se desarroll\u00f3 durante este fin de semana sobre el cannabis medicinal en la Rural de Buenos Aires.<\/p>\n\n\n\n<p>Convocado por Marcelo Morante y Marianela Morante, organizadores del evento y representantes del \u00abPrograma Nacional para el estudio del Cannabis\u00bb, quienes plantearon el encuentro como un espacio amplio de informaci\u00f3n e intercambio, con la participaci\u00f3n de cient\u00edficos, especialistas y sectores relacionados con el avance de este tipo de tratamientos.<\/p>\n\n\n\n<p>Fueron tres d\u00edas de feria, conferencias, consultas y talleres en donde m\u00e1s de 50 mil personas pasaron cuidando protocolos y 12 mil se sumaron de manera virtual.<\/p>\n","protected":false},"excerpt":{"rendered":"<p>El Dr. Joel Scorcelli particip\u00f3 en representaci\u00f3n del equipo m\u00e9dico de la Secretar\u00eda de Salud de la Municipalidad de San Pedro y fue parte del equipo de profesionales que atendieron m\u00faltiples consultas presenciales y virtuales en la exposici\u00f3n que se desarroll\u00f3 durante este fin de semana sobre el cannabis medicinal en la Rural de Buenos [&hellip;]<\/p>\n","protected":false},"author":4,"featured_media":100285,"comment_status":"closed","ping_status":"closed","sticky":false,"template":"","format":"standard","meta":{"om_disable_all_campaigns":false,"_jetpack_memberships_contains_paid_content":false,"footnotes":""},"categories":[50,101,2],"tags":[197,696,33,19],"class_list":["post-100287","post","type-post","status-publish","format-standard","has-post-thumbnail","hentry","category-destacadas","category-interes-general-locales","category-locales","tag-buenos-aires","tag-interes-general","tag-locales","tag-san-pedro"],"aioseo_notices":[],"gutentor_comment":0,"jetpack_featured_media_url":"https:\/\/eldiariodesanpedro.com.ar\/sitio\/wp-content\/uploads\/2021\/10\/WhatsApp-Image-2021-10-18-at-11.46.14.jpeg","jetpack_shortlink":"https:\/\/wp.me\/p6RhLt-q5x","jetpack_sharing_enabled":true,"_links":{"self":[{"href":"https:\/\/eldiariodesanpedro.com.ar\/sitio\/wp-json\/wp\/v2\/posts\/100287","targetHints":{"allow":["GET"]}}],"collection":[{"href":"https:\/\/eldiariodesanpedro.com.ar\/sitio\/wp-json\/wp\/v2\/posts"}],"about":[{"href":"https:\/\/eldiariodesanpedro.com.ar\/sitio\/wp-json\/wp\/v2\/types\/post"}],"author":[{"embeddable":true,"href":"https:\/\/eldiariodesanpedro.com.ar\/sitio\/wp-json\/wp\/v2\/users\/4"}],"replies":[{"embeddable":true,"href":"https:\/\/eldiariodesanpedro.com.ar\/sitio\/wp-json\/wp\/v2\/comments?post=100287"}],"version-history":[{"count":1,"href":"https:\/\/eldiariodesanpedro.com.ar\/sitio\/wp-json\/wp\/v2\/posts\/100287\/revisions"}],"predecessor-version":[{"id":100288,"href":"https:\/\/eldiariodesanpedro.com.ar\/sitio\/wp-json\/wp\/v2\/posts\/100287\/revisions\/100288"}],"wp:featuredmedia":[{"embeddable":true,"href":"https:\/\/eldiariodesanpedro.com.ar\/sitio\/wp-json\/wp\/v2\/media\/100285"}],"wp:attachment":[{"href":"https:\/\/eldiariodesanpedro.com.ar\/sitio\/wp-json\/wp\/v2\/media?parent=100287"}],"wp:term":[{"taxonomy":"category","embeddable":true,"href":"https:\/\/eldiariodesanpedro.com.ar\/sitio\/wp-json\/wp\/v2\/categories?post=100287"},{"taxonomy":"post_tag","embeddable":true,"href":"https:\/\/eldiariodesanpedro.com.ar\/sitio\/wp-json\/wp\/v2\/tags?post=100287"}],"curies":[{"name":"wp","href":"https:\/\/api.w.org\/{rel}","templated":true}]}}