{"id":100277,"date":"2021-10-18T11:28:36","date_gmt":"2021-10-18T14:28:36","guid":{"rendered":"https:\/\/eldiariodesanpedro.com.ar\/sitio\/?p=100277"},"modified":"2021-10-18T11:28:41","modified_gmt":"2021-10-18T14:28:41","slug":"dos-personas-trasladadas-al-chocar-una-moto-y-una-camioneta","status":"publish","type":"post","link":"https:\/\/eldiariodesanpedro.com.ar\/sitio\/dos-personas-trasladadas-al-chocar-una-moto-y-una-camioneta\/","title":{"rendered":"Dos personas trasladadas al chocar una moto y una camioneta"},"content":{"rendered":"<!-- VideographyWP Plugin Message: Automatic video embedding prevented by plugin options. -->\n\n<p>En la ma\u00f1ana de hoy ocurri\u00f3 un accidente de tr\u00e1nsito donde un mayor y un menor sufrieron heridas leves.<\/p>\n\n\n\n<p>Este lunes alrededor de las 10:30 hs ocurri\u00f3 un accidente de tr\u00e1nsito en la esquina de Ituzaing\u00f3 y Quiroga donde una motocicleta 125 cc conducida por un mayor de edad junto a su sobrino menor de edad colisionaron contra una camioneta Ford Eco Sport conducida por otro mayor.<\/p>\n\n\n\n<p>Afortunadamente los dos sujetos que circulaban en el rodado de menor porte no sufrieron heridas de consideraci\u00f3n pero fueron trasladados por el SAME al nosocomio local como precauci\u00f3n.<\/p>\n\n\n\n<figure class=\"wp-block-image size-large\"><img decoding=\"async\" width=\"1024\" height=\"497\" data-attachment-id=\"100279\" data-permalink=\"https:\/\/eldiariodesanpedro.com.ar\/sitio\/dos-personas-trasladadas-al-chocar-una-moto-y-una-camioneta\/whatsapp-image-2021-10-18-at-10-58-58-1\/\" data-orig-file=\"https:\/\/eldiariodesanpedro.com.ar\/sitio\/wp-content\/uploads\/2021\/10\/WhatsApp-Image-2021-10-18-at-10.58.58-1.jpeg\" data-orig-size=\"1600,777\" data-comments-opened=\"0\" data-image-meta=\"{&quot;aperture&quot;:&quot;0&quot;,&quot;credit&quot;:&quot;&quot;,&quot;camera&quot;:&quot;&quot;,&quot;caption&quot;:&quot;&quot;,&quot;created_timestamp&quot;:&quot;0&quot;,&quot;copyright&quot;:&quot;&quot;,&quot;focal_length&quot;:&quot;0&quot;,&quot;iso&quot;:&quot;0&quot;,&quot;shutter_speed&quot;:&quot;0&quot;,&quot;title&quot;:&quot;&quot;,&quot;orientation&quot;:&quot;0&quot;}\" data-image-title=\"WhatsApp Image 2021-10-18 at 10.58.58 (1)\" data-image-description=\"\" data-image-caption=\"\" data-large-file=\"https:\/\/eldiariodesanpedro.com.ar\/sitio\/wp-content\/uploads\/2021\/10\/WhatsApp-Image-2021-10-18-at-10.58.58-1-1024x497.jpeg\" data-src=\"https:\/\/eldiariodesanpedro.com.ar\/sitio\/wp-content\/uploads\/2021\/10\/WhatsApp-Image-2021-10-18-at-10.58.58-1-1024x497.jpeg\" alt=\"\" class=\"wp-image-100279 lazyload\" data-srcset=\"https:\/\/eldiariodesanpedro.com.ar\/sitio\/wp-content\/uploads\/2021\/10\/WhatsApp-Image-2021-10-18-at-10.58.58-1-1024x497.jpeg 1024w, https:\/\/eldiariodesanpedro.com.ar\/sitio\/wp-content\/uploads\/2021\/10\/WhatsApp-Image-2021-10-18-at-10.58.58-1-300x146.jpeg 300w, https:\/\/eldiariodesanpedro.com.ar\/sitio\/wp-content\/uploads\/2021\/10\/WhatsApp-Image-2021-10-18-at-10.58.58-1-768x373.jpeg 768w, https:\/\/eldiariodesanpedro.com.ar\/sitio\/wp-content\/uploads\/2021\/10\/WhatsApp-Image-2021-10-18-at-10.58.58-1-1536x746.jpeg 1536w, https:\/\/eldiariodesanpedro.com.ar\/sitio\/wp-content\/uploads\/2021\/10\/WhatsApp-Image-2021-10-18-at-10.58.58-1.jpeg 1600w\" data-sizes=\"(max-width: 1024px) 100vw, 1024px\" src=\"data:image\/svg+xml;base64,PHN2ZyB3aWR0aD0iMSIgaGVpZ2h0PSIxIiB4bWxucz0iaHR0cDovL3d3dy53My5vcmcvMjAwMC9zdmciPjwvc3ZnPg==\" style=\"--smush-placeholder-width: 1024px; --smush-placeholder-aspect-ratio: 1024\/497;\" \/><\/figure>\n\n\n\n<figure class=\"wp-block-image size-large\"><img decoding=\"async\" width=\"1024\" height=\"497\" data-attachment-id=\"100282\" data-permalink=\"https:\/\/eldiariodesanpedro.com.ar\/sitio\/dos-personas-trasladadas-al-chocar-una-moto-y-una-camioneta\/whatsapp-image-2021-10-18-at-10-58-58\/\" data-orig-file=\"https:\/\/eldiariodesanpedro.com.ar\/sitio\/wp-content\/uploads\/2021\/10\/WhatsApp-Image-2021-10-18-at-10.58.58.jpeg\" data-orig-size=\"1600,777\" data-comments-opened=\"0\" data-image-meta=\"{&quot;aperture&quot;:&quot;0&quot;,&quot;credit&quot;:&quot;&quot;,&quot;camera&quot;:&quot;&quot;,&quot;caption&quot;:&quot;&quot;,&quot;created_timestamp&quot;:&quot;0&quot;,&quot;copyright&quot;:&quot;&quot;,&quot;focal_length&quot;:&quot;0&quot;,&quot;iso&quot;:&quot;0&quot;,&quot;shutter_speed&quot;:&quot;0&quot;,&quot;title&quot;:&quot;&quot;,&quot;orientation&quot;:&quot;0&quot;}\" data-image-title=\"WhatsApp Image 2021-10-18 at 10.58.58\" data-image-description=\"\" data-image-caption=\"\" data-large-file=\"https:\/\/eldiariodesanpedro.com.ar\/sitio\/wp-content\/uploads\/2021\/10\/WhatsApp-Image-2021-10-18-at-10.58.58-1024x497.jpeg\" data-src=\"https:\/\/eldiariodesanpedro.com.ar\/sitio\/wp-content\/uploads\/2021\/10\/WhatsApp-Image-2021-10-18-at-10.58.58-1024x497.jpeg\" alt=\"\" class=\"wp-image-100282 lazyload\" data-srcset=\"https:\/\/eldiariodesanpedro.com.ar\/sitio\/wp-content\/uploads\/2021\/10\/WhatsApp-Image-2021-10-18-at-10.58.58-1024x497.jpeg 1024w, https:\/\/eldiariodesanpedro.com.ar\/sitio\/wp-content\/uploads\/2021\/10\/WhatsApp-Image-2021-10-18-at-10.58.58-300x146.jpeg 300w, https:\/\/eldiariodesanpedro.com.ar\/sitio\/wp-content\/uploads\/2021\/10\/WhatsApp-Image-2021-10-18-at-10.58.58-768x373.jpeg 768w, https:\/\/eldiariodesanpedro.com.ar\/sitio\/wp-content\/uploads\/2021\/10\/WhatsApp-Image-2021-10-18-at-10.58.58-1536x746.jpeg 1536w, https:\/\/eldiariodesanpedro.com.ar\/sitio\/wp-content\/uploads\/2021\/10\/WhatsApp-Image-2021-10-18-at-10.58.58.jpeg 1600w\" data-sizes=\"(max-width: 1024px) 100vw, 1024px\" src=\"data:image\/svg+xml;base64,PHN2ZyB3aWR0aD0iMSIgaGVpZ2h0PSIxIiB4bWxucz0iaHR0cDovL3d3dy53My5vcmcvMjAwMC9zdmciPjwvc3ZnPg==\" style=\"--smush-placeholder-width: 1024px; --smush-placeholder-aspect-ratio: 1024\/497;\" \/><\/figure>\n\n\n\n<figure class=\"wp-block-image size-large\"><img decoding=\"async\" width=\"1024\" height=\"497\" data-attachment-id=\"100278\" data-permalink=\"https:\/\/eldiariodesanpedro.com.ar\/sitio\/dos-personas-trasladadas-al-chocar-una-moto-y-una-camioneta\/whatsapp-image-2021-10-18-at-10-58-57\/\" data-orig-file=\"https:\/\/eldiariodesanpedro.com.ar\/sitio\/wp-content\/uploads\/2021\/10\/WhatsApp-Image-2021-10-18-at-10.58.57.jpeg\" data-orig-size=\"1600,777\" data-comments-opened=\"0\" data-image-meta=\"{&quot;aperture&quot;:&quot;0&quot;,&quot;credit&quot;:&quot;&quot;,&quot;camera&quot;:&quot;&quot;,&quot;caption&quot;:&quot;&quot;,&quot;created_timestamp&quot;:&quot;0&quot;,&quot;copyright&quot;:&quot;&quot;,&quot;focal_length&quot;:&quot;0&quot;,&quot;iso&quot;:&quot;0&quot;,&quot;shutter_speed&quot;:&quot;0&quot;,&quot;title&quot;:&quot;&quot;,&quot;orientation&quot;:&quot;0&quot;}\" data-image-title=\"WhatsApp Image 2021-10-18 at 10.58.57\" data-image-description=\"\" data-image-caption=\"\" data-large-file=\"https:\/\/eldiariodesanpedro.com.ar\/sitio\/wp-content\/uploads\/2021\/10\/WhatsApp-Image-2021-10-18-at-10.58.57-1024x497.jpeg\" data-src=\"https:\/\/eldiariodesanpedro.com.ar\/sitio\/wp-content\/uploads\/2021\/10\/WhatsApp-Image-2021-10-18-at-10.58.57-1024x497.jpeg\" alt=\"\" class=\"wp-image-100278 lazyload\" data-srcset=\"https:\/\/eldiariodesanpedro.com.ar\/sitio\/wp-content\/uploads\/2021\/10\/WhatsApp-Image-2021-10-18-at-10.58.57-1024x497.jpeg 1024w, https:\/\/eldiariodesanpedro.com.ar\/sitio\/wp-content\/uploads\/2021\/10\/WhatsApp-Image-2021-10-18-at-10.58.57-300x146.jpeg 300w, https:\/\/eldiariodesanpedro.com.ar\/sitio\/wp-content\/uploads\/2021\/10\/WhatsApp-Image-2021-10-18-at-10.58.57-768x373.jpeg 768w, https:\/\/eldiariodesanpedro.com.ar\/sitio\/wp-content\/uploads\/2021\/10\/WhatsApp-Image-2021-10-18-at-10.58.57-1536x746.jpeg 1536w, https:\/\/eldiariodesanpedro.com.ar\/sitio\/wp-content\/uploads\/2021\/10\/WhatsApp-Image-2021-10-18-at-10.58.57.jpeg 1600w\" data-sizes=\"(max-width: 1024px) 100vw, 1024px\" src=\"data:image\/svg+xml;base64,PHN2ZyB3aWR0aD0iMSIgaGVpZ2h0PSIxIiB4bWxucz0iaHR0cDovL3d3dy53My5vcmcvMjAwMC9zdmciPjwvc3ZnPg==\" style=\"--smush-placeholder-width: 1024px; --smush-placeholder-aspect-ratio: 1024\/497;\" \/><\/figure>\n","protected":false},"excerpt":{"rendered":"<p>En la ma\u00f1ana de hoy ocurri\u00f3 un accidente de tr\u00e1nsito donde un mayor y un menor sufrieron heridas leves. Este lunes alrededor de las 10:30 hs ocurri\u00f3 un accidente de tr\u00e1nsito en la esquina de Ituzaing\u00f3 y Quiroga donde una motocicleta 125 cc conducida por un mayor de edad junto a su sobrino menor de [&hellip;]<\/p>\n","protected":false},"author":4,"featured_media":100281,"comment_status":"closed","ping_status":"closed","sticky":false,"template":"","format":"standard","meta":{"om_disable_all_campaigns":false,"_jetpack_memberships_contains_paid_content":false,"footnotes":""},"categories":[50,101,2],"tags":[197,2486,696,33,19],"class_list":["post-100277","post","type-post","status-publish","format-standard","has-post-thumbnail","hentry","category-destacadas","category-interes-general-locales","category-locales","tag-buenos-aires","tag-dos-personas-trasladadas-al-chocar-una-moto-y-una-camioneta","tag-interes-general","tag-locales","tag-san-pedro"],"aioseo_notices":[],"gutentor_comment":0,"jetpack_featured_media_url":"https:\/\/eldiariodesanpedro.com.ar\/sitio\/wp-content\/uploads\/2021\/10\/WhatsApp-Image-2021-10-18-at-10.58.58-3.jpeg","jetpack_shortlink":"https:\/\/wp.me\/p6RhLt-q5n","jetpack_sharing_enabled":true,"_links":{"self":[{"href":"https:\/\/eldiariodesanpedro.com.ar\/sitio\/wp-json\/wp\/v2\/posts\/100277","targetHints":{"allow":["GET"]}}],"collection":[{"href":"https:\/\/eldiariodesanpedro.com.ar\/sitio\/wp-json\/wp\/v2\/posts"}],"about":[{"href":"https:\/\/eldiariodesanpedro.com.ar\/sitio\/wp-json\/wp\/v2\/types\/post"}],"author":[{"embeddable":true,"href":"https:\/\/eldiariodesanpedro.com.ar\/sitio\/wp-json\/wp\/v2\/users\/4"}],"replies":[{"embeddable":true,"href":"https:\/\/eldiariodesanpedro.com.ar\/sitio\/wp-json\/wp\/v2\/comments?post=100277"}],"version-history":[{"count":1,"href":"https:\/\/eldiariodesanpedro.com.ar\/sitio\/wp-json\/wp\/v2\/posts\/100277\/revisions"}],"predecessor-version":[{"id":100283,"href":"https:\/\/eldiariodesanpedro.com.ar\/sitio\/wp-json\/wp\/v2\/posts\/100277\/revisions\/100283"}],"wp:featuredmedia":[{"embeddable":true,"href":"https:\/\/eldiariodesanpedro.com.ar\/sitio\/wp-json\/wp\/v2\/media\/100281"}],"wp:attachment":[{"href":"https:\/\/eldiariodesanpedro.com.ar\/sitio\/wp-json\/wp\/v2\/media?parent=100277"}],"wp:term":[{"taxonomy":"category","embeddable":true,"href":"https:\/\/eldiariodesanpedro.com.ar\/sitio\/wp-json\/wp\/v2\/categories?post=100277"},{"taxonomy":"post_tag","embeddable":true,"href":"https:\/\/eldiariodesanpedro.com.ar\/sitio\/wp-json\/wp\/v2\/tags?post=100277"}],"curies":[{"name":"wp","href":"https:\/\/api.w.org\/{rel}","templated":true}]}}