{"id":100266,"date":"2021-10-18T09:30:52","date_gmt":"2021-10-18T12:30:52","guid":{"rendered":"https:\/\/eldiariodesanpedro.com.ar\/sitio\/?p=100266"},"modified":"2021-10-18T09:30:56","modified_gmt":"2021-10-18T12:30:56","slug":"accidente-sin-heridos-sobre-la-ruta-191","status":"publish","type":"post","link":"https:\/\/eldiariodesanpedro.com.ar\/sitio\/accidente-sin-heridos-sobre-la-ruta-191\/","title":{"rendered":"Accidente sin heridos sobre la Ruta 191"},"content":{"rendered":"<!-- VideographyWP Plugin Message: Automatic video embedding prevented by plugin options. -->\n\n<p>Un auto y una combi que circulaban en direcci\u00f3n opuesta colisionaron entre s\u00ed a la altura de Pueblo Doyle. Sucedi\u00f3 en la noche del domingo y no hubo lesionados.<\/p>\n\n\n\n<p>Sobre la noche del domingo y por cuestiones que se desconocen un auto VW gol Country y un utilitario Renault Transit chocaron entre s\u00ed a la altura del kil\u00f3metro 31,5 en jurisdicci\u00f3n de Pueblo Doyle.<\/p>\n\n\n\n<p>El auto que viajaba en direcci\u00f3n a la Ruta 8 impact\u00f3 sobre el lateral del carro que tiraba el utilitario y transportaba tres caballos provocando el desprendimiento de las ruedas impactadas.<\/p>\n\n\n\n<p>No hubo heridos pero s\u00ed una importante demora para quienes transitaban por el lugar debido a que en el camino permanec\u00edan los veh\u00edculos siniestrados.<\/p>\n","protected":false},"excerpt":{"rendered":"<p>Un auto y una combi que circulaban en direcci\u00f3n opuesta colisionaron entre s\u00ed a la altura de Pueblo Doyle. Sucedi\u00f3 en la noche del domingo y no hubo lesionados. Sobre la noche del domingo y por cuestiones que se desconocen un auto VW gol Country y un utilitario Renault Transit chocaron entre s\u00ed a la [&hellip;]<\/p>\n","protected":false},"author":4,"featured_media":100267,"comment_status":"closed","ping_status":"closed","sticky":false,"template":"","format":"standard","meta":{"om_disable_all_campaigns":false,"_jetpack_memberships_contains_paid_content":false,"footnotes":""},"categories":[50,101,2],"tags":[2484,197,696,33,19],"class_list":["post-100266","post","type-post","status-publish","format-standard","has-post-thumbnail","hentry","category-destacadas","category-interes-general-locales","category-locales","tag-accidente-sin-heridos-sobre-la-ruta-191","tag-buenos-aires","tag-interes-general","tag-locales","tag-san-pedro"],"aioseo_notices":[],"gutentor_comment":0,"jetpack_featured_media_url":"https:\/\/eldiariodesanpedro.com.ar\/sitio\/wp-content\/uploads\/2021\/10\/0000020413-resized-1920x1080-1.jpeg","jetpack_shortlink":"https:\/\/wp.me\/p6RhLt-q5c","jetpack_sharing_enabled":true,"_links":{"self":[{"href":"https:\/\/eldiariodesanpedro.com.ar\/sitio\/wp-json\/wp\/v2\/posts\/100266","targetHints":{"allow":["GET"]}}],"collection":[{"href":"https:\/\/eldiariodesanpedro.com.ar\/sitio\/wp-json\/wp\/v2\/posts"}],"about":[{"href":"https:\/\/eldiariodesanpedro.com.ar\/sitio\/wp-json\/wp\/v2\/types\/post"}],"author":[{"embeddable":true,"href":"https:\/\/eldiariodesanpedro.com.ar\/sitio\/wp-json\/wp\/v2\/users\/4"}],"replies":[{"embeddable":true,"href":"https:\/\/eldiariodesanpedro.com.ar\/sitio\/wp-json\/wp\/v2\/comments?post=100266"}],"version-history":[{"count":1,"href":"https:\/\/eldiariodesanpedro.com.ar\/sitio\/wp-json\/wp\/v2\/posts\/100266\/revisions"}],"predecessor-version":[{"id":100268,"href":"https:\/\/eldiariodesanpedro.com.ar\/sitio\/wp-json\/wp\/v2\/posts\/100266\/revisions\/100268"}],"wp:featuredmedia":[{"embeddable":true,"href":"https:\/\/eldiariodesanpedro.com.ar\/sitio\/wp-json\/wp\/v2\/media\/100267"}],"wp:attachment":[{"href":"https:\/\/eldiariodesanpedro.com.ar\/sitio\/wp-json\/wp\/v2\/media?parent=100266"}],"wp:term":[{"taxonomy":"category","embeddable":true,"href":"https:\/\/eldiariodesanpedro.com.ar\/sitio\/wp-json\/wp\/v2\/categories?post=100266"},{"taxonomy":"post_tag","embeddable":true,"href":"https:\/\/eldiariodesanpedro.com.ar\/sitio\/wp-json\/wp\/v2\/tags?post=100266"}],"curies":[{"name":"wp","href":"https:\/\/api.w.org\/{rel}","templated":true}]}}