{"id":100263,"date":"2021-10-18T09:27:09","date_gmt":"2021-10-18T12:27:09","guid":{"rendered":"https:\/\/eldiariodesanpedro.com.ar\/sitio\/?p=100263"},"modified":"2021-10-18T09:27:15","modified_gmt":"2021-10-18T12:27:15","slug":"roban-vehiculos-y-pertenencias-en-la-firma-solmi","status":"publish","type":"post","link":"https:\/\/eldiariodesanpedro.com.ar\/sitio\/roban-vehiculos-y-pertenencias-en-la-firma-solmi\/","title":{"rendered":"Roban veh\u00edculos y pertenencias en la firma Solmi"},"content":{"rendered":"<!-- VideographyWP Plugin Message: Automatic video embedding prevented by plugin options. -->\n\n<p>Sucedi\u00f3 el s\u00e1bado en uno de los talleres que la empresa tiene sobre la calle Mitre y Urraco. Uno de los rosados apareci\u00f3 abandonado en un descampado.<\/p>\n\n\n\n<p>Un importe robo se produjo en la sede de la firma Solmi SA. Sucedi\u00f3 en la madrugada del s\u00e1bado en uno de los talleres que se ubican en inmediaciones de Mitre y Urraco.<\/p>\n\n\n\n<p>Personas desconocidas ingresaron a la dependencia y se llevaron varias herramientas, una moto Guerrero y un utilitario Renault que pertenece al sector de impermeabilizantes.<\/p>\n\n\n\n<p>En el transcurso de la ma\u00f1ana la camioneta fue hallada abandonada en un descampado cercano ad\u00f3nde se construye la terminal de \u00f3mnibus en 11 de Septiembre y Mansilla.<\/p>\n","protected":false},"excerpt":{"rendered":"<p>Sucedi\u00f3 el s\u00e1bado en uno de los talleres que la empresa tiene sobre la calle Mitre y Urraco. Uno de los rosados apareci\u00f3 abandonado en un descampado. Un importe robo se produjo en la sede de la firma Solmi SA. Sucedi\u00f3 en la madrugada del s\u00e1bado en uno de los talleres que se ubican en [&hellip;]<\/p>\n","protected":false},"author":4,"featured_media":100264,"comment_status":"closed","ping_status":"closed","sticky":false,"template":"","format":"standard","meta":{"om_disable_all_campaigns":false,"_jetpack_memberships_contains_paid_content":false,"footnotes":""},"categories":[50,101,2],"tags":[197,696,33,2483,19],"class_list":["post-100263","post","type-post","status-publish","format-standard","has-post-thumbnail","hentry","category-destacadas","category-interes-general-locales","category-locales","tag-buenos-aires","tag-interes-general","tag-locales","tag-roban-vehiculos-y-pertenencias-en-la-firma-solmi","tag-san-pedro"],"aioseo_notices":[],"gutentor_comment":0,"jetpack_featured_media_url":"https:\/\/eldiariodesanpedro.com.ar\/sitio\/wp-content\/uploads\/2021\/10\/0000020411-resized-1920x1080-1.jpg","jetpack_shortlink":"https:\/\/wp.me\/p6RhLt-q59","jetpack_sharing_enabled":true,"_links":{"self":[{"href":"https:\/\/eldiariodesanpedro.com.ar\/sitio\/wp-json\/wp\/v2\/posts\/100263","targetHints":{"allow":["GET"]}}],"collection":[{"href":"https:\/\/eldiariodesanpedro.com.ar\/sitio\/wp-json\/wp\/v2\/posts"}],"about":[{"href":"https:\/\/eldiariodesanpedro.com.ar\/sitio\/wp-json\/wp\/v2\/types\/post"}],"author":[{"embeddable":true,"href":"https:\/\/eldiariodesanpedro.com.ar\/sitio\/wp-json\/wp\/v2\/users\/4"}],"replies":[{"embeddable":true,"href":"https:\/\/eldiariodesanpedro.com.ar\/sitio\/wp-json\/wp\/v2\/comments?post=100263"}],"version-history":[{"count":1,"href":"https:\/\/eldiariodesanpedro.com.ar\/sitio\/wp-json\/wp\/v2\/posts\/100263\/revisions"}],"predecessor-version":[{"id":100265,"href":"https:\/\/eldiariodesanpedro.com.ar\/sitio\/wp-json\/wp\/v2\/posts\/100263\/revisions\/100265"}],"wp:featuredmedia":[{"embeddable":true,"href":"https:\/\/eldiariodesanpedro.com.ar\/sitio\/wp-json\/wp\/v2\/media\/100264"}],"wp:attachment":[{"href":"https:\/\/eldiariodesanpedro.com.ar\/sitio\/wp-json\/wp\/v2\/media?parent=100263"}],"wp:term":[{"taxonomy":"category","embeddable":true,"href":"https:\/\/eldiariodesanpedro.com.ar\/sitio\/wp-json\/wp\/v2\/categories?post=100263"},{"taxonomy":"post_tag","embeddable":true,"href":"https:\/\/eldiariodesanpedro.com.ar\/sitio\/wp-json\/wp\/v2\/tags?post=100263"}],"curies":[{"name":"wp","href":"https:\/\/api.w.org\/{rel}","templated":true}]}}