{"id":100242,"date":"2021-10-15T21:34:37","date_gmt":"2021-10-16T00:34:37","guid":{"rendered":"https:\/\/eldiariodesanpedro.com.ar\/sitio\/?p=100242"},"modified":"2021-10-15T21:34:42","modified_gmt":"2021-10-16T00:34:42","slug":"vacunatorio-en-el-centro-de-salud-intercultural-y-gestiones-para-incorporar-al-hospital-sadiv-a-los-puntos-de-vacunacion-2","status":"publish","type":"post","link":"https:\/\/eldiariodesanpedro.com.ar\/sitio\/vacunatorio-en-el-centro-de-salud-intercultural-y-gestiones-para-incorporar-al-hospital-sadiv-a-los-puntos-de-vacunacion-2\/","title":{"rendered":"Vacunatorio en el Centro de Salud Intercultural y gestiones para incorporar al Hospital Sadiv a los puntos de vacunaci\u00f3n"},"content":{"rendered":"<!-- VideographyWP Plugin Message: Automatic video embedding prevented by plugin options. -->\n\n<p>Qued\u00f3 oficialmente inaugurado este jueves el primer Vacunatorio en un Centro de Salud Intercultural del pa\u00eds. La Secretar\u00eda de Salud junto a la comunidad Lma Iacia Qom dispuso el funcionamiento de un punto de vacunaci\u00f3n para todo el esquema comprendido en el Calendario Anual y podr\u00e1n recibir all\u00ed las aplicaciones, quienes concurran en los horarios de funcionamiento de las diferentes especialidades que ya atienden a toda la comunidad.<\/p>\n\n\n\n<p>En el acto estuvieron el Secretario de Salud Dr. Daniel Creus y la Cacica Clara Romero en representaci\u00f3n de la comunidad, acompa\u00f1ados por el Director de Regi\u00f3n Sanitaria IV Dr. Walter Mart\u00ednez, el Secretario de Gobierno Pablo Vlaeminck, el Director de Atenci\u00f3n Primaria de la Salud Dr. Gabriel Sayago y el equipo m\u00e9dico que atiende en el Centro de Salud integrado adem\u00e1s por los Dres. Lidia Ronte, Micaela Schiaffino, Joel Scorcelli, Silvana Morales, Edgard Britos y la enfermera Mariela Navarro.<\/p>\n\n\n\n<p>El vacunatorio (por el momento no Covid-19) y denominado \u201cDalagaic Piogonac\u201d, (\u00abnueva forma de curar\u00bb en idioma qom), funcionar\u00e1 en Manuel Iglesias 1515.<\/p>\n\n\n\n<p>Es importante destacar que este vacunatorio funcionar\u00e1 a contraturno con respecto al resto de los que brindan servicios a la comunidad y representa una opci\u00f3n vespertina para todas las familias sampedrinas.<\/p>\n\n\n\n<p>Para solicitar turnos pueden comunicarse de lunes a viernes de 12 a 20 al 4-26-832.<\/p>\n\n\n\n<p>En la actividad particip\u00f3 adem\u00e1s, invitado por el Secretario de Salud, el Director del Hospital Privado Sadiv para coordinar con el jefe de Regi\u00f3n Sanitaria, la habilitaci\u00f3n de un punto de vacunaci\u00f3n en el Hospital de Avenida Sarmiento, que se sumar\u00eda a la infraestructura de respuesta para toda la poblaci\u00f3n, de manera totalmente gratuita y con todas las vacunas comprendidas en el calendario obligatorio.<\/p>\n\n\n\n<figure class=\"wp-block-image size-large\"><img decoding=\"async\" width=\"1024\" height=\"768\" data-attachment-id=\"100236\" data-permalink=\"https:\/\/eldiariodesanpedro.com.ar\/sitio\/whatsapp-image-2021-10-15-at-18-38-06-2\/\" data-orig-file=\"https:\/\/eldiariodesanpedro.com.ar\/sitio\/wp-content\/uploads\/2021\/10\/WhatsApp-Image-2021-10-15-at-18.38.06-2.jpeg\" data-orig-size=\"1280,960\" data-comments-opened=\"0\" data-image-meta=\"{&quot;aperture&quot;:&quot;0&quot;,&quot;credit&quot;:&quot;&quot;,&quot;camera&quot;:&quot;&quot;,&quot;caption&quot;:&quot;&quot;,&quot;created_timestamp&quot;:&quot;0&quot;,&quot;copyright&quot;:&quot;&quot;,&quot;focal_length&quot;:&quot;0&quot;,&quot;iso&quot;:&quot;0&quot;,&quot;shutter_speed&quot;:&quot;0&quot;,&quot;title&quot;:&quot;&quot;,&quot;orientation&quot;:&quot;0&quot;}\" data-image-title=\"WhatsApp Image 2021-10-15 at 18.38.06 (2)\" data-image-description=\"\" data-image-caption=\"\" data-large-file=\"https:\/\/eldiariodesanpedro.com.ar\/sitio\/wp-content\/uploads\/2021\/10\/WhatsApp-Image-2021-10-15-at-18.38.06-2-1024x768.jpeg\" data-src=\"https:\/\/eldiariodesanpedro.com.ar\/sitio\/wp-content\/uploads\/2021\/10\/WhatsApp-Image-2021-10-15-at-18.38.06-2-1024x768.jpeg\" alt=\"\" class=\"wp-image-100236 lazyload\" data-srcset=\"https:\/\/eldiariodesanpedro.com.ar\/sitio\/wp-content\/uploads\/2021\/10\/WhatsApp-Image-2021-10-15-at-18.38.06-2-1024x768.jpeg 1024w, https:\/\/eldiariodesanpedro.com.ar\/sitio\/wp-content\/uploads\/2021\/10\/WhatsApp-Image-2021-10-15-at-18.38.06-2-300x225.jpeg 300w, https:\/\/eldiariodesanpedro.com.ar\/sitio\/wp-content\/uploads\/2021\/10\/WhatsApp-Image-2021-10-15-at-18.38.06-2-768x576.jpeg 768w, https:\/\/eldiariodesanpedro.com.ar\/sitio\/wp-content\/uploads\/2021\/10\/WhatsApp-Image-2021-10-15-at-18.38.06-2-500x375.jpeg 500w, https:\/\/eldiariodesanpedro.com.ar\/sitio\/wp-content\/uploads\/2021\/10\/WhatsApp-Image-2021-10-15-at-18.38.06-2.jpeg 1280w\" data-sizes=\"(max-width: 1024px) 100vw, 1024px\" src=\"data:image\/svg+xml;base64,PHN2ZyB3aWR0aD0iMSIgaGVpZ2h0PSIxIiB4bWxucz0iaHR0cDovL3d3dy53My5vcmcvMjAwMC9zdmciPjwvc3ZnPg==\" style=\"--smush-placeholder-width: 1024px; --smush-placeholder-aspect-ratio: 1024\/768;\" \/><\/figure>\n\n\n\n<figure class=\"wp-block-image size-large\"><img decoding=\"async\" width=\"1024\" height=\"768\" data-attachment-id=\"100235\" data-permalink=\"https:\/\/eldiariodesanpedro.com.ar\/sitio\/whatsapp-image-2021-10-15-at-18-38-06-1\/\" data-orig-file=\"https:\/\/eldiariodesanpedro.com.ar\/sitio\/wp-content\/uploads\/2021\/10\/WhatsApp-Image-2021-10-15-at-18.38.06-1.jpeg\" data-orig-size=\"1280,960\" data-comments-opened=\"0\" data-image-meta=\"{&quot;aperture&quot;:&quot;0&quot;,&quot;credit&quot;:&quot;&quot;,&quot;camera&quot;:&quot;&quot;,&quot;caption&quot;:&quot;&quot;,&quot;created_timestamp&quot;:&quot;0&quot;,&quot;copyright&quot;:&quot;&quot;,&quot;focal_length&quot;:&quot;0&quot;,&quot;iso&quot;:&quot;0&quot;,&quot;shutter_speed&quot;:&quot;0&quot;,&quot;title&quot;:&quot;&quot;,&quot;orientation&quot;:&quot;0&quot;}\" data-image-title=\"WhatsApp Image 2021-10-15 at 18.38.06 (1)\" data-image-description=\"\" data-image-caption=\"\" data-large-file=\"https:\/\/eldiariodesanpedro.com.ar\/sitio\/wp-content\/uploads\/2021\/10\/WhatsApp-Image-2021-10-15-at-18.38.06-1-1024x768.jpeg\" data-src=\"https:\/\/eldiariodesanpedro.com.ar\/sitio\/wp-content\/uploads\/2021\/10\/WhatsApp-Image-2021-10-15-at-18.38.06-1-1024x768.jpeg\" alt=\"\" class=\"wp-image-100235 lazyload\" data-srcset=\"https:\/\/eldiariodesanpedro.com.ar\/sitio\/wp-content\/uploads\/2021\/10\/WhatsApp-Image-2021-10-15-at-18.38.06-1-1024x768.jpeg 1024w, https:\/\/eldiariodesanpedro.com.ar\/sitio\/wp-content\/uploads\/2021\/10\/WhatsApp-Image-2021-10-15-at-18.38.06-1-300x225.jpeg 300w, https:\/\/eldiariodesanpedro.com.ar\/sitio\/wp-content\/uploads\/2021\/10\/WhatsApp-Image-2021-10-15-at-18.38.06-1-768x576.jpeg 768w, https:\/\/eldiariodesanpedro.com.ar\/sitio\/wp-content\/uploads\/2021\/10\/WhatsApp-Image-2021-10-15-at-18.38.06-1-500x375.jpeg 500w, https:\/\/eldiariodesanpedro.com.ar\/sitio\/wp-content\/uploads\/2021\/10\/WhatsApp-Image-2021-10-15-at-18.38.06-1.jpeg 1280w\" data-sizes=\"(max-width: 1024px) 100vw, 1024px\" src=\"data:image\/svg+xml;base64,PHN2ZyB3aWR0aD0iMSIgaGVpZ2h0PSIxIiB4bWxucz0iaHR0cDovL3d3dy53My5vcmcvMjAwMC9zdmciPjwvc3ZnPg==\" style=\"--smush-placeholder-width: 1024px; --smush-placeholder-aspect-ratio: 1024\/768;\" \/><\/figure>\n","protected":false},"excerpt":{"rendered":"<p>Qued\u00f3 oficialmente inaugurado este jueves el primer Vacunatorio en un Centro de Salud Intercultural del pa\u00eds. La Secretar\u00eda de Salud junto a la comunidad Lma Iacia Qom dispuso el funcionamiento de un punto de vacunaci\u00f3n para todo el esquema comprendido en el Calendario Anual y podr\u00e1n recibir all\u00ed las aplicaciones, quienes concurran en los horarios [&hellip;]<\/p>\n","protected":false},"author":4,"featured_media":100238,"comment_status":"closed","ping_status":"closed","sticky":false,"template":"","format":"standard","meta":{"om_disable_all_campaigns":false,"_jetpack_memberships_contains_paid_content":false,"footnotes":""},"categories":[50,101,2],"tags":[197,696,33,19],"class_list":["post-100242","post","type-post","status-publish","format-standard","has-post-thumbnail","hentry","category-destacadas","category-interes-general-locales","category-locales","tag-buenos-aires","tag-interes-general","tag-locales","tag-san-pedro"],"aioseo_notices":[],"gutentor_comment":0,"jetpack_featured_media_url":"https:\/\/eldiariodesanpedro.com.ar\/sitio\/wp-content\/uploads\/2021\/10\/WhatsApp-Image-2021-10-15-at-18.38.11.jpeg","jetpack_shortlink":"https:\/\/wp.me\/p6RhLt-q4O","jetpack_sharing_enabled":true,"_links":{"self":[{"href":"https:\/\/eldiariodesanpedro.com.ar\/sitio\/wp-json\/wp\/v2\/posts\/100242","targetHints":{"allow":["GET"]}}],"collection":[{"href":"https:\/\/eldiariodesanpedro.com.ar\/sitio\/wp-json\/wp\/v2\/posts"}],"about":[{"href":"https:\/\/eldiariodesanpedro.com.ar\/sitio\/wp-json\/wp\/v2\/types\/post"}],"author":[{"embeddable":true,"href":"https:\/\/eldiariodesanpedro.com.ar\/sitio\/wp-json\/wp\/v2\/users\/4"}],"replies":[{"embeddable":true,"href":"https:\/\/eldiariodesanpedro.com.ar\/sitio\/wp-json\/wp\/v2\/comments?post=100242"}],"version-history":[{"count":1,"href":"https:\/\/eldiariodesanpedro.com.ar\/sitio\/wp-json\/wp\/v2\/posts\/100242\/revisions"}],"predecessor-version":[{"id":100244,"href":"https:\/\/eldiariodesanpedro.com.ar\/sitio\/wp-json\/wp\/v2\/posts\/100242\/revisions\/100244"}],"wp:featuredmedia":[{"embeddable":true,"href":"https:\/\/eldiariodesanpedro.com.ar\/sitio\/wp-json\/wp\/v2\/media\/100238"}],"wp:attachment":[{"href":"https:\/\/eldiariodesanpedro.com.ar\/sitio\/wp-json\/wp\/v2\/media?parent=100242"}],"wp:term":[{"taxonomy":"category","embeddable":true,"href":"https:\/\/eldiariodesanpedro.com.ar\/sitio\/wp-json\/wp\/v2\/categories?post=100242"},{"taxonomy":"post_tag","embeddable":true,"href":"https:\/\/eldiariodesanpedro.com.ar\/sitio\/wp-json\/wp\/v2\/tags?post=100242"}],"curies":[{"name":"wp","href":"https:\/\/api.w.org\/{rel}","templated":true}]}}