{"id":10024,"date":"2016-11-10T18:45:36","date_gmt":"2016-11-10T21:45:36","guid":{"rendered":"https:\/\/eldiariodesanpedro.com.ar\/sitio\/?p=10024"},"modified":"2016-11-10T18:50:38","modified_gmt":"2016-11-10T21:50:38","slug":"la-secretaria-de-servicios-publicos-cobrara-los-arreglos-en-las-conexiones-de-cloacas-domiciliarias","status":"publish","type":"post","link":"https:\/\/eldiariodesanpedro.com.ar\/sitio\/la-secretaria-de-servicios-publicos-cobrara-los-arreglos-en-las-conexiones-de-cloacas-domiciliarias\/","title":{"rendered":"La Secretar\u00eda de Servicios P\u00fablicos cobrar\u00e1 los arreglos en las conexiones de cloacas domiciliarias"},"content":{"rendered":"<p><!-- VideographyWP Plugin Message: Automatic video embedding prevented by plugin options. --><br \/>\nSe trata de un cambio en la modalidad que se ven\u00eda implementando. Ahora el Municipio cobrar\u00e1 por los arreglos en las conexiones hogare\u00f1as cuando surjan desperfectos.<\/p>\n<p>\u201cSeg\u00fan la Ordenanza, la responsabilidad de la Municipalidad es toda la red municipal\u201d, sostuvo Jorge Ponzio, secretario de Servicios P\u00fablicos a trav\u00e9s de La Radio 92.3, y agreg\u00f3: \u201cEl problema es que vos como usuario te conectaste a la red y esa parte desde la red hasta tu casa, sea si pasa por la vereda o por la calle, es tu responsabilidad\u201d.<\/p>\n<p>Ahora, \u201csi quieren que lo hagamos nosotros con nuestro equipamiento habr\u00e1 que abonar un monto\u201d. Es decir, si el problema est\u00e1 sobre la red no tendr\u00e1 costo alguno, ahora si el problema es en la parte dom\u00e9stica, s\u00ed. En ese caso, el monto que se deber\u00e1 abonar ser\u00e1 de entre 300 a 500 pesos.<\/p>\n","protected":false},"excerpt":{"rendered":"<p>Se trata de un cambio en la modalidad que se ven\u00eda implementando. Ahora el Municipio cobrar\u00e1 por los arreglos en las conexiones hogare\u00f1as cuando surjan desperfectos. \u201cSeg\u00fan la Ordenanza, la responsabilidad de la Municipalidad es toda la red municipal\u201d, sostuvo Jorge Ponzio, secretario de Servicios P\u00fablicos a trav\u00e9s de La Radio 92.3, y agreg\u00f3: \u201cEl [&hellip;]<\/p>\n","protected":false},"author":4,"featured_media":4495,"comment_status":"open","ping_status":"closed","sticky":false,"template":"","format":"standard","meta":{"om_disable_all_campaigns":false,"_jetpack_memberships_contains_paid_content":false,"footnotes":""},"categories":[50,101,2],"tags":[],"class_list":["post-10024","post","type-post","status-publish","format-standard","has-post-thumbnail","hentry","category-destacadas","category-interes-general-locales","category-locales"],"aioseo_notices":[],"gutentor_comment":0,"jetpack_featured_media_url":"https:\/\/eldiariodesanpedro.com.ar\/sitio\/wp-content\/uploads\/2016\/05\/Municipalidad.jpg","jetpack_shortlink":"https:\/\/wp.me\/p6RhLt-2BG","jetpack_sharing_enabled":true,"_links":{"self":[{"href":"https:\/\/eldiariodesanpedro.com.ar\/sitio\/wp-json\/wp\/v2\/posts\/10024","targetHints":{"allow":["GET"]}}],"collection":[{"href":"https:\/\/eldiariodesanpedro.com.ar\/sitio\/wp-json\/wp\/v2\/posts"}],"about":[{"href":"https:\/\/eldiariodesanpedro.com.ar\/sitio\/wp-json\/wp\/v2\/types\/post"}],"author":[{"embeddable":true,"href":"https:\/\/eldiariodesanpedro.com.ar\/sitio\/wp-json\/wp\/v2\/users\/4"}],"replies":[{"embeddable":true,"href":"https:\/\/eldiariodesanpedro.com.ar\/sitio\/wp-json\/wp\/v2\/comments?post=10024"}],"version-history":[{"count":1,"href":"https:\/\/eldiariodesanpedro.com.ar\/sitio\/wp-json\/wp\/v2\/posts\/10024\/revisions"}],"predecessor-version":[{"id":10026,"href":"https:\/\/eldiariodesanpedro.com.ar\/sitio\/wp-json\/wp\/v2\/posts\/10024\/revisions\/10026"}],"wp:featuredmedia":[{"embeddable":true,"href":"https:\/\/eldiariodesanpedro.com.ar\/sitio\/wp-json\/wp\/v2\/media\/4495"}],"wp:attachment":[{"href":"https:\/\/eldiariodesanpedro.com.ar\/sitio\/wp-json\/wp\/v2\/media?parent=10024"}],"wp:term":[{"taxonomy":"category","embeddable":true,"href":"https:\/\/eldiariodesanpedro.com.ar\/sitio\/wp-json\/wp\/v2\/categories?post=10024"},{"taxonomy":"post_tag","embeddable":true,"href":"https:\/\/eldiariodesanpedro.com.ar\/sitio\/wp-json\/wp\/v2\/tags?post=10024"}],"curies":[{"name":"wp","href":"https:\/\/api.w.org\/{rel}","templated":true}]}}