{"id":100217,"date":"2021-10-15T20:56:27","date_gmt":"2021-10-15T23:56:27","guid":{"rendered":"https:\/\/eldiariodesanpedro.com.ar\/sitio\/?p=100217"},"modified":"2021-10-15T20:56:32","modified_gmt":"2021-10-15T23:56:32","slug":"gestiones-para-sumar-nuevos-comercios-y-servicios-locales-al-programa-beneficios-anses","status":"publish","type":"post","link":"https:\/\/eldiariodesanpedro.com.ar\/sitio\/gestiones-para-sumar-nuevos-comercios-y-servicios-locales-al-programa-beneficios-anses\/","title":{"rendered":"Gestiones para sumar nuevos comercios y servicios locales al programa Beneficios ANSES"},"content":{"rendered":"<!-- VideographyWP Plugin Message: Automatic video embedding prevented by plugin options. -->\n\n<p>En el Centro de Comercio Industria y Turismo de San Pedro y por iniciativa de la entidad tuvo lugar una reuni\u00f3n de trabajo con el Secretario General de ANSES, Santiago Fraschina, la titular de la UDAI San Pedro, Tamara Vlaeminck y el Secretario de Desarrollo Econ\u00f3mico de la Municipalidad de San Pedro Alfredo Carrasco para avanzar en la adhesi\u00f3n de comercios y empresas locales al Programa Beneficios ANSES que se ha lanzado a nivel nacional para estimular la venta y contrataci\u00f3n de servicios de quienes cuentan con alguno de los beneficios del organismo.<\/p>\n\n\n\n<p>El Secretario del Centro de Comercio Gonzalo Castagnola solicit\u00f3 a las autoridades del ANSES la participaci\u00f3n en esta Mesa de Trabajo en la que tambi\u00e9n estuvo presente el Gerente de la entidad Carlos Collaretti.<\/p>\n\n\n\n<p>La tarea conjunta con la Municipalidad que ya hab\u00eda comenzado a mantener reuniones sobre este tema tras la visita de la titular del organismo Fernanda Raverta hace algunas semanas, activar\u00e1 la adhesi\u00f3n que pueden formular a trav\u00e9s del sitio web del ANSES quienes deseen exhibir su participaci\u00f3n en este programa.<\/p>\n\n\n\n<p>Los representantes de cualquier rubro que deseen sumarse pueden darse de alta y otorgar un descuento (10% a cargo del comercio).<\/p>\n\n\n\n<p>En San Pedro hay 36 mil beneficiarios entre las distintas prestaciones (jubilaciones y asignaciones) que podr\u00edan obtener el descuento con la presentaci\u00f3n de la misma tarjeta con la que perciben sus beneficios.<br><strong><br>El Centro de Comercio brindar\u00e1 en breve mayor informaci\u00f3n a sus socios por los canales habituales de comunicaci\u00f3n y quienes deseen obtener m\u00e1s detalles pueden ingresar al sitio:&nbsp;<a href=\"https:\/\/www.anses.gob.ar\/\" target=\"_blank\" rel=\"noreferrer noopener\">https:\/\/www.anses.gob.ar\/<\/a><\/strong><\/p>\n\n\n\n<p><strong>VIDEO INSTRUCTIVO AQU\u00cd:\u00a0<a rel=\"noreferrer noopener\" href=\"https:\/\/bit.ly\/3pjY60H\" target=\"_blank\">https:\/\/bit.ly\/3pjY60H<\/a><\/strong><\/p>\n\n\n\n<figure class=\"wp-block-image size-large\"><img decoding=\"async\" width=\"1024\" height=\"682\" data-attachment-id=\"100219\" data-permalink=\"https:\/\/eldiariodesanpedro.com.ar\/sitio\/gestiones-para-sumar-nuevos-comercios-y-servicios-locales-al-programa-beneficios-anses\/cc2-2\/\" data-orig-file=\"https:\/\/eldiariodesanpedro.com.ar\/sitio\/wp-content\/uploads\/2021\/10\/cc2.jpg\" data-orig-size=\"1080,719\" data-comments-opened=\"0\" data-image-meta=\"{&quot;aperture&quot;:&quot;0&quot;,&quot;credit&quot;:&quot;&quot;,&quot;camera&quot;:&quot;&quot;,&quot;caption&quot;:&quot;&quot;,&quot;created_timestamp&quot;:&quot;0&quot;,&quot;copyright&quot;:&quot;&quot;,&quot;focal_length&quot;:&quot;0&quot;,&quot;iso&quot;:&quot;0&quot;,&quot;shutter_speed&quot;:&quot;0&quot;,&quot;title&quot;:&quot;&quot;,&quot;orientation&quot;:&quot;0&quot;}\" data-image-title=\"cc2\" data-image-description=\"\" data-image-caption=\"\" data-large-file=\"https:\/\/eldiariodesanpedro.com.ar\/sitio\/wp-content\/uploads\/2021\/10\/cc2-1024x682.jpg\" data-src=\"https:\/\/eldiariodesanpedro.com.ar\/sitio\/wp-content\/uploads\/2021\/10\/cc2-1024x682.jpg\" alt=\"\" class=\"wp-image-100219 lazyload\" data-srcset=\"https:\/\/eldiariodesanpedro.com.ar\/sitio\/wp-content\/uploads\/2021\/10\/cc2-1024x682.jpg 1024w, https:\/\/eldiariodesanpedro.com.ar\/sitio\/wp-content\/uploads\/2021\/10\/cc2-300x200.jpg 300w, https:\/\/eldiariodesanpedro.com.ar\/sitio\/wp-content\/uploads\/2021\/10\/cc2-768x511.jpg 768w, https:\/\/eldiariodesanpedro.com.ar\/sitio\/wp-content\/uploads\/2021\/10\/cc2.jpg 1080w\" data-sizes=\"(max-width: 1024px) 100vw, 1024px\" src=\"data:image\/svg+xml;base64,PHN2ZyB3aWR0aD0iMSIgaGVpZ2h0PSIxIiB4bWxucz0iaHR0cDovL3d3dy53My5vcmcvMjAwMC9zdmciPjwvc3ZnPg==\" style=\"--smush-placeholder-width: 1024px; --smush-placeholder-aspect-ratio: 1024\/682;\" \/><\/figure>\n","protected":false},"excerpt":{"rendered":"<p>En el Centro de Comercio Industria y Turismo de San Pedro y por iniciativa de la entidad tuvo lugar una reuni\u00f3n de trabajo con el Secretario General de ANSES, Santiago Fraschina, la titular de la UDAI San Pedro, Tamara Vlaeminck y el Secretario de Desarrollo Econ\u00f3mico de la Municipalidad de San Pedro Alfredo Carrasco para [&hellip;]<\/p>\n","protected":false},"author":4,"featured_media":100219,"comment_status":"closed","ping_status":"closed","sticky":false,"template":"","format":"standard","meta":{"om_disable_all_campaigns":false,"_jetpack_memberships_contains_paid_content":false,"footnotes":""},"categories":[2],"tags":[197,696,33,19],"class_list":["post-100217","post","type-post","status-publish","format-standard","has-post-thumbnail","hentry","category-locales","tag-buenos-aires","tag-interes-general","tag-locales","tag-san-pedro"],"aioseo_notices":[],"gutentor_comment":0,"jetpack_featured_media_url":"https:\/\/eldiariodesanpedro.com.ar\/sitio\/wp-content\/uploads\/2021\/10\/cc2.jpg","jetpack_shortlink":"https:\/\/wp.me\/p6RhLt-q4p","jetpack_sharing_enabled":true,"_links":{"self":[{"href":"https:\/\/eldiariodesanpedro.com.ar\/sitio\/wp-json\/wp\/v2\/posts\/100217","targetHints":{"allow":["GET"]}}],"collection":[{"href":"https:\/\/eldiariodesanpedro.com.ar\/sitio\/wp-json\/wp\/v2\/posts"}],"about":[{"href":"https:\/\/eldiariodesanpedro.com.ar\/sitio\/wp-json\/wp\/v2\/types\/post"}],"author":[{"embeddable":true,"href":"https:\/\/eldiariodesanpedro.com.ar\/sitio\/wp-json\/wp\/v2\/users\/4"}],"replies":[{"embeddable":true,"href":"https:\/\/eldiariodesanpedro.com.ar\/sitio\/wp-json\/wp\/v2\/comments?post=100217"}],"version-history":[{"count":1,"href":"https:\/\/eldiariodesanpedro.com.ar\/sitio\/wp-json\/wp\/v2\/posts\/100217\/revisions"}],"predecessor-version":[{"id":100221,"href":"https:\/\/eldiariodesanpedro.com.ar\/sitio\/wp-json\/wp\/v2\/posts\/100217\/revisions\/100221"}],"wp:featuredmedia":[{"embeddable":true,"href":"https:\/\/eldiariodesanpedro.com.ar\/sitio\/wp-json\/wp\/v2\/media\/100219"}],"wp:attachment":[{"href":"https:\/\/eldiariodesanpedro.com.ar\/sitio\/wp-json\/wp\/v2\/media?parent=100217"}],"wp:term":[{"taxonomy":"category","embeddable":true,"href":"https:\/\/eldiariodesanpedro.com.ar\/sitio\/wp-json\/wp\/v2\/categories?post=100217"},{"taxonomy":"post_tag","embeddable":true,"href":"https:\/\/eldiariodesanpedro.com.ar\/sitio\/wp-json\/wp\/v2\/tags?post=100217"}],"curies":[{"name":"wp","href":"https:\/\/api.w.org\/{rel}","templated":true}]}}