{"id":10020,"date":"2016-11-10T18:40:51","date_gmt":"2016-11-10T21:40:51","guid":{"rendered":"https:\/\/eldiariodesanpedro.com.ar\/sitio\/?p=10020"},"modified":"2016-11-10T18:40:51","modified_gmt":"2016-11-10T21:40:51","slug":"el-municipio-adquirio-tres-nuevos-vehiculos","status":"publish","type":"post","link":"https:\/\/eldiariodesanpedro.com.ar\/sitio\/el-municipio-adquirio-tres-nuevos-vehiculos\/","title":{"rendered":"El Municipio adquiri\u00f3 tres nuevos veh\u00edculos"},"content":{"rendered":"<p><!-- VideographyWP Plugin Message: Automatic video embedding prevented by plugin options. --><br \/>\nYa se encuentran en poder de la Municipalidad de San Pedro los nuevos veh\u00edculos de la empresa Toyota que han sido adquiridos recientemente. Fueron comprados con dinero del Fondo de Seguridad que la Provincia de Buenos Aires otorg\u00f3 a la gesti\u00f3n del intendente Salazar. Se trata de dos camionetas Hilux y un autom\u00f3vil modelo Etios.<\/p>\n<p>El viernes en los estudios de La Radio 92.3, el secretario de Legal y T\u00e9cnica de la Municipalidad de San Pedro, Ram\u00f3n Salazar, adelantaba sobre el tema: \u201cSon tres m\u00f3viles nuevos\u201d, y se\u00f1al\u00f3: \u201cHay que mandarlos a plotear para que est\u00e9 todo en condiciones\u201d.   Seguramente, una vez que est\u00e9n listos, ser\u00e1n presentados en sociedad. En tanto, asegur\u00f3 que \u201cdespu\u00e9s\u201d se adquirir\u00e1n m\u00f3viles para la polic\u00eda local tambi\u00e9n.<\/p>\n","protected":false},"excerpt":{"rendered":"<p>Ya se encuentran en poder de la Municipalidad de San Pedro los nuevos veh\u00edculos de la empresa Toyota que han sido adquiridos recientemente. Fueron comprados con dinero del Fondo de Seguridad que la Provincia de Buenos Aires otorg\u00f3 a la gesti\u00f3n del intendente Salazar. Se trata de dos camionetas Hilux y un autom\u00f3vil modelo Etios. [&hellip;]<\/p>\n","protected":false},"author":4,"featured_media":10022,"comment_status":"open","ping_status":"closed","sticky":false,"template":"","format":"standard","meta":{"om_disable_all_campaigns":false,"_jetpack_memberships_contains_paid_content":false,"footnotes":""},"categories":[101,2],"tags":[],"class_list":["post-10020","post","type-post","status-publish","format-standard","has-post-thumbnail","hentry","category-interes-general-locales","category-locales"],"aioseo_notices":[],"gutentor_comment":0,"jetpack_featured_media_url":"https:\/\/eldiariodesanpedro.com.ar\/sitio\/wp-content\/uploads\/2016\/11\/nuevos-vehiculos-municipio.jpg","jetpack_shortlink":"https:\/\/wp.me\/p6RhLt-2BC","jetpack_sharing_enabled":true,"_links":{"self":[{"href":"https:\/\/eldiariodesanpedro.com.ar\/sitio\/wp-json\/wp\/v2\/posts\/10020","targetHints":{"allow":["GET"]}}],"collection":[{"href":"https:\/\/eldiariodesanpedro.com.ar\/sitio\/wp-json\/wp\/v2\/posts"}],"about":[{"href":"https:\/\/eldiariodesanpedro.com.ar\/sitio\/wp-json\/wp\/v2\/types\/post"}],"author":[{"embeddable":true,"href":"https:\/\/eldiariodesanpedro.com.ar\/sitio\/wp-json\/wp\/v2\/users\/4"}],"replies":[{"embeddable":true,"href":"https:\/\/eldiariodesanpedro.com.ar\/sitio\/wp-json\/wp\/v2\/comments?post=10020"}],"version-history":[{"count":1,"href":"https:\/\/eldiariodesanpedro.com.ar\/sitio\/wp-json\/wp\/v2\/posts\/10020\/revisions"}],"predecessor-version":[{"id":10023,"href":"https:\/\/eldiariodesanpedro.com.ar\/sitio\/wp-json\/wp\/v2\/posts\/10020\/revisions\/10023"}],"wp:featuredmedia":[{"embeddable":true,"href":"https:\/\/eldiariodesanpedro.com.ar\/sitio\/wp-json\/wp\/v2\/media\/10022"}],"wp:attachment":[{"href":"https:\/\/eldiariodesanpedro.com.ar\/sitio\/wp-json\/wp\/v2\/media?parent=10020"}],"wp:term":[{"taxonomy":"category","embeddable":true,"href":"https:\/\/eldiariodesanpedro.com.ar\/sitio\/wp-json\/wp\/v2\/categories?post=10020"},{"taxonomy":"post_tag","embeddable":true,"href":"https:\/\/eldiariodesanpedro.com.ar\/sitio\/wp-json\/wp\/v2\/tags?post=10020"}],"curies":[{"name":"wp","href":"https:\/\/api.w.org\/{rel}","templated":true}]}}