{"id":100167,"date":"2021-10-14T09:54:12","date_gmt":"2021-10-14T12:54:12","guid":{"rendered":"https:\/\/eldiariodesanpedro.com.ar\/sitio\/?p=100167"},"modified":"2021-10-14T09:54:16","modified_gmt":"2021-10-14T12:54:16","slug":"el-dr-jose-macchia-juro-como-juez-de-paz-de-san-pedro","status":"publish","type":"post","link":"https:\/\/eldiariodesanpedro.com.ar\/sitio\/el-dr-jose-macchia-juro-como-juez-de-paz-de-san-pedro\/","title":{"rendered":"El Dr. Jos\u00e9 Macchia jur\u00f3 como Juez de Paz de San Pedro"},"content":{"rendered":"<!-- VideographyWP Plugin Message: Automatic video embedding prevented by plugin options. -->\n\n<p>El letrado sampedrino jur\u00f3 como nuevo Juez de Paz de la ciudad durante una ceremonia que se desarroll\u00f3 este martes en San Nicol\u00e1s.<\/p>\n\n\n\n<p>Mediante un emotivo acto que se desarroll\u00f3 el martes en la sede de la C\u00e1mara de Garant\u00edas en lo Penal de San Nicol\u00e1s, el Dr. Jos\u00e9 Macchia jur\u00f3 como nuevo Juez de Paz de San Pedro.<\/p>\n\n\n\n<p>La ceremonia se realiz\u00f3 en horas del mediod\u00eda y fue encabezada por el Dr. Fernando Gabriel Kozicki, Presidente de la Excelent\u00edcima C\u00e1mara de Apelaciones en lo Civil y Comercial de San Nicol\u00e1s.<\/p>\n\n\n\n<p>Macchia asumi\u00f3 luego de que el Senado de la Provincia de Buenos Aires aprobara los pliegos de 31 funcionarios.<\/p>\n\n\n\n<p>La elecci\u00f3n fue por concurso y el ingreso de Macchia fue oficializado una vez que el gobernador Axel Kicillof firm\u00f3 el decreto.<\/p>\n\n\n\n<p>El abogado asume en el cargo que dej\u00f3 vacante la Dra. Stella Maris Ruiz, quien en 2018 decidi\u00f3 jubilarse despu\u00e9s de muchos a\u00f1os de gesti\u00f3n en esa funci\u00f3n.<img decoding=\"async\" alt=\"\" src=\"https:\/\/www.sanpedroinforma.com.ar\/visitas\/124532\"><a rel=\"noreferrer noopener\" href=\"https:\/\/shop.misw.ar\/\" target=\"_blank\"><\/a><\/p>\n\n\n\n<p>Fuente: <a href=\"https:\/\/www.sanpedroinforma.com.ar\/news-124532-el-dr-jos%C3%A9-macchia-jur%C3%B3-como-juez-de-paz-de-san-pedro\">San Pedro Informa<\/a><\/p>\n","protected":false},"excerpt":{"rendered":"<p>El letrado sampedrino jur\u00f3 como nuevo Juez de Paz de la ciudad durante una ceremonia que se desarroll\u00f3 este martes en San Nicol\u00e1s. Mediante un emotivo acto que se desarroll\u00f3 el martes en la sede de la C\u00e1mara de Garant\u00edas en lo Penal de San Nicol\u00e1s, el Dr. Jos\u00e9 Macchia jur\u00f3 como nuevo Juez de [&hellip;]<\/p>\n","protected":false},"author":4,"featured_media":100168,"comment_status":"closed","ping_status":"closed","sticky":false,"template":"","format":"standard","meta":{"om_disable_all_campaigns":false,"_jetpack_memberships_contains_paid_content":false,"footnotes":""},"categories":[50,101,2],"tags":[197,696,33,19],"class_list":["post-100167","post","type-post","status-publish","format-standard","has-post-thumbnail","hentry","category-destacadas","category-interes-general-locales","category-locales","tag-buenos-aires","tag-interes-general","tag-locales","tag-san-pedro"],"aioseo_notices":[],"gutentor_comment":0,"jetpack_featured_media_url":"https:\/\/eldiariodesanpedro.com.ar\/sitio\/wp-content\/uploads\/2021\/10\/0000020400-resized-1920x1080-1.jpg","jetpack_shortlink":"https:\/\/wp.me\/p6RhLt-q3B","jetpack_sharing_enabled":true,"_links":{"self":[{"href":"https:\/\/eldiariodesanpedro.com.ar\/sitio\/wp-json\/wp\/v2\/posts\/100167","targetHints":{"allow":["GET"]}}],"collection":[{"href":"https:\/\/eldiariodesanpedro.com.ar\/sitio\/wp-json\/wp\/v2\/posts"}],"about":[{"href":"https:\/\/eldiariodesanpedro.com.ar\/sitio\/wp-json\/wp\/v2\/types\/post"}],"author":[{"embeddable":true,"href":"https:\/\/eldiariodesanpedro.com.ar\/sitio\/wp-json\/wp\/v2\/users\/4"}],"replies":[{"embeddable":true,"href":"https:\/\/eldiariodesanpedro.com.ar\/sitio\/wp-json\/wp\/v2\/comments?post=100167"}],"version-history":[{"count":1,"href":"https:\/\/eldiariodesanpedro.com.ar\/sitio\/wp-json\/wp\/v2\/posts\/100167\/revisions"}],"predecessor-version":[{"id":100169,"href":"https:\/\/eldiariodesanpedro.com.ar\/sitio\/wp-json\/wp\/v2\/posts\/100167\/revisions\/100169"}],"wp:featuredmedia":[{"embeddable":true,"href":"https:\/\/eldiariodesanpedro.com.ar\/sitio\/wp-json\/wp\/v2\/media\/100168"}],"wp:attachment":[{"href":"https:\/\/eldiariodesanpedro.com.ar\/sitio\/wp-json\/wp\/v2\/media?parent=100167"}],"wp:term":[{"taxonomy":"category","embeddable":true,"href":"https:\/\/eldiariodesanpedro.com.ar\/sitio\/wp-json\/wp\/v2\/categories?post=100167"},{"taxonomy":"post_tag","embeddable":true,"href":"https:\/\/eldiariodesanpedro.com.ar\/sitio\/wp-json\/wp\/v2\/tags?post=100167"}],"curies":[{"name":"wp","href":"https:\/\/api.w.org\/{rel}","templated":true}]}}