{"id":100164,"date":"2021-10-14T09:47:08","date_gmt":"2021-10-14T12:47:08","guid":{"rendered":"https:\/\/eldiariodesanpedro.com.ar\/sitio\/?p=100164"},"modified":"2021-10-14T09:47:13","modified_gmt":"2021-10-14T12:47:13","slug":"la-konga-la-rompio-con-su-show-en-el-estadio-el-pasado-lunes","status":"publish","type":"post","link":"https:\/\/eldiariodesanpedro.com.ar\/sitio\/la-konga-la-rompio-con-su-show-en-el-estadio-el-pasado-lunes\/","title":{"rendered":"La Konga la rompio con su show en el estadio el pasado lunes"},"content":{"rendered":"<!-- VideographyWP Plugin Message: Automatic video embedding prevented by plugin options. -->\n\n<p>El grupo cordob\u00e9s se present\u00f3 en la ciudad el lunes como parte de una de las tantas actividades que se ofrecieron para el fin de semana largo.<\/p>\n\n\n\n<p>El lunes, como estaba programado, organizado por Claudio Riva el grupo cuartetero cordob\u00e9s La Konga se present\u00f3 en la ciudad por tercera vez.<\/p>\n\n\n\n<p>Con un presente extraordinario la formaci\u00f3n se present\u00f3 ante una multitud en el estadio Municipal en medio de una grilla que incluy\u00f3 a otros grupos locales que hicieron de soporte.<\/p>\n\n\n\n<p>Entrada la noche el grupo cordob\u00e9s apareci\u00f3 en escena para que el p\u00fablico explotara y no parara de bailar de principio a fin.<\/p>\n\n\n\n<p>La Konga, que se origin\u00f3&nbsp;en la ciudad de Villa Dolores, valle de Traslasierra, C\u00f3rdoba, y compuesto por&nbsp;Pablo Tamagnini, Diego Granad\u00e9 y Nelson Aguirre, como voces principales,&nbsp;ofreci\u00f3 un show impecable en el que hizo un repaso a su rico repertorio de&nbsp;\u00abcuarteto rom\u00e1ntico\u00bb como lo llaman en el rubro combinado con bailes y coreograf\u00edas para cada uno de los temas musicales que interpretaron.<\/p>\n","protected":false},"excerpt":{"rendered":"<p>El grupo cordob\u00e9s se present\u00f3 en la ciudad el lunes como parte de una de las tantas actividades que se ofrecieron para el fin de semana largo. El lunes, como estaba programado, organizado por Claudio Riva el grupo cuartetero cordob\u00e9s La Konga se present\u00f3 en la ciudad por tercera vez. Con un presente extraordinario la [&hellip;]<\/p>\n","protected":false},"author":4,"featured_media":100165,"comment_status":"closed","ping_status":"closed","sticky":false,"template":"","format":"standard","meta":{"om_disable_all_campaigns":false,"_jetpack_memberships_contains_paid_content":false,"footnotes":""},"categories":[50,101,2],"tags":[197,696,2472,33,19],"class_list":["post-100164","post","type-post","status-publish","format-standard","has-post-thumbnail","hentry","category-destacadas","category-interes-general-locales","category-locales","tag-buenos-aires","tag-interes-general","tag-la-konga-la-rompio-con-su-show-en-el-estadio-el-pasado-lunes","tag-locales","tag-san-pedro"],"aioseo_notices":[],"gutentor_comment":0,"jetpack_featured_media_url":"https:\/\/eldiariodesanpedro.com.ar\/sitio\/wp-content\/uploads\/2021\/10\/0000020404-resized-1920x1080-1.jpg","jetpack_shortlink":"https:\/\/wp.me\/p6RhLt-q3y","jetpack_sharing_enabled":true,"_links":{"self":[{"href":"https:\/\/eldiariodesanpedro.com.ar\/sitio\/wp-json\/wp\/v2\/posts\/100164","targetHints":{"allow":["GET"]}}],"collection":[{"href":"https:\/\/eldiariodesanpedro.com.ar\/sitio\/wp-json\/wp\/v2\/posts"}],"about":[{"href":"https:\/\/eldiariodesanpedro.com.ar\/sitio\/wp-json\/wp\/v2\/types\/post"}],"author":[{"embeddable":true,"href":"https:\/\/eldiariodesanpedro.com.ar\/sitio\/wp-json\/wp\/v2\/users\/4"}],"replies":[{"embeddable":true,"href":"https:\/\/eldiariodesanpedro.com.ar\/sitio\/wp-json\/wp\/v2\/comments?post=100164"}],"version-history":[{"count":1,"href":"https:\/\/eldiariodesanpedro.com.ar\/sitio\/wp-json\/wp\/v2\/posts\/100164\/revisions"}],"predecessor-version":[{"id":100166,"href":"https:\/\/eldiariodesanpedro.com.ar\/sitio\/wp-json\/wp\/v2\/posts\/100164\/revisions\/100166"}],"wp:featuredmedia":[{"embeddable":true,"href":"https:\/\/eldiariodesanpedro.com.ar\/sitio\/wp-json\/wp\/v2\/media\/100165"}],"wp:attachment":[{"href":"https:\/\/eldiariodesanpedro.com.ar\/sitio\/wp-json\/wp\/v2\/media?parent=100164"}],"wp:term":[{"taxonomy":"category","embeddable":true,"href":"https:\/\/eldiariodesanpedro.com.ar\/sitio\/wp-json\/wp\/v2\/categories?post=100164"},{"taxonomy":"post_tag","embeddable":true,"href":"https:\/\/eldiariodesanpedro.com.ar\/sitio\/wp-json\/wp\/v2\/tags?post=100164"}],"curies":[{"name":"wp","href":"https:\/\/api.w.org\/{rel}","templated":true}]}}