{"id":100159,"date":"2021-10-14T09:16:59","date_gmt":"2021-10-14T12:16:59","guid":{"rendered":"https:\/\/eldiariodesanpedro.com.ar\/sitio\/?p=100159"},"modified":"2021-10-14T09:17:04","modified_gmt":"2021-10-14T12:17:04","slug":"la-subsecretaria-de-politicas-de-genero-mujeres-y-diversidad-apoya-a-las-mujeres-agredidas-en-la-igelsia-san-roque","status":"publish","type":"post","link":"https:\/\/eldiariodesanpedro.com.ar\/sitio\/la-subsecretaria-de-politicas-de-genero-mujeres-y-diversidad-apoya-a-las-mujeres-agredidas-en-la-igelsia-san-roque\/","title":{"rendered":"La Subsecretar\u00eda de Pol\u00edticas de G\u00e9nero, Mujeres y Diversidad apoya a las mujeres agredidas en la igelsia San Roque"},"content":{"rendered":"<!-- VideographyWP Plugin Message: Automatic video embedding prevented by plugin options. -->\n\n<p>Desde la Subsecretar\u00eda de Pol\u00edticas de G\u00e9nero, Mujeres y Diversidad y ante los hechos de p\u00fablico conocimiento suscitados en el d\u00eda de ayer, repudiamos el trato hacia los familiares denunciantes por los abusos que tuvieron lugar en el Jard\u00edn Bel\u00e9n de nuestra ciudad.<\/p>\n\n\n\n<p>Desde la convicci\u00f3n con la cual se cre\u00f3 esta Subsecretar\u00eda de lucha para la erradicaci\u00f3n de todo tipo de violencia contra las mujeres, ni\u00f1as y diversidades. Y del indeclinable compromiso de que los profesionales y personal integrantes de la misma acompa\u00f1en y asistan a toda v\u00edctima directa o indirecta, es que se tomar\u00e1n las medidas correspondientes.<\/p>\n\n\n\n<p>Acompa\u00f1amos a las familias en el dolor y en la incansable lucha que vienen sosteniendo desde hace ya 4 a\u00f1os.<\/p>\n","protected":false},"excerpt":{"rendered":"<p>Desde la Subsecretar\u00eda de Pol\u00edticas de G\u00e9nero, Mujeres y Diversidad y ante los hechos de p\u00fablico conocimiento suscitados en el d\u00eda de ayer, repudiamos el trato hacia los familiares denunciantes por los abusos que tuvieron lugar en el Jard\u00edn Bel\u00e9n de nuestra ciudad. Desde la convicci\u00f3n con la cual se cre\u00f3 esta Subsecretar\u00eda de lucha [&hellip;]<\/p>\n","protected":false},"author":4,"featured_media":100160,"comment_status":"closed","ping_status":"closed","sticky":false,"template":"","format":"standard","meta":{"om_disable_all_campaigns":false,"_jetpack_memberships_contains_paid_content":false,"footnotes":""},"categories":[50,101,2],"tags":[197,696,33,19],"class_list":["post-100159","post","type-post","status-publish","format-standard","has-post-thumbnail","hentry","category-destacadas","category-interes-general-locales","category-locales","tag-buenos-aires","tag-interes-general","tag-locales","tag-san-pedro"],"aioseo_notices":[],"gutentor_comment":0,"jetpack_featured_media_url":"https:\/\/eldiariodesanpedro.com.ar\/sitio\/wp-content\/uploads\/2021\/10\/medida.png","jetpack_shortlink":"https:\/\/wp.me\/p6RhLt-q3t","jetpack_sharing_enabled":true,"_links":{"self":[{"href":"https:\/\/eldiariodesanpedro.com.ar\/sitio\/wp-json\/wp\/v2\/posts\/100159","targetHints":{"allow":["GET"]}}],"collection":[{"href":"https:\/\/eldiariodesanpedro.com.ar\/sitio\/wp-json\/wp\/v2\/posts"}],"about":[{"href":"https:\/\/eldiariodesanpedro.com.ar\/sitio\/wp-json\/wp\/v2\/types\/post"}],"author":[{"embeddable":true,"href":"https:\/\/eldiariodesanpedro.com.ar\/sitio\/wp-json\/wp\/v2\/users\/4"}],"replies":[{"embeddable":true,"href":"https:\/\/eldiariodesanpedro.com.ar\/sitio\/wp-json\/wp\/v2\/comments?post=100159"}],"version-history":[{"count":1,"href":"https:\/\/eldiariodesanpedro.com.ar\/sitio\/wp-json\/wp\/v2\/posts\/100159\/revisions"}],"predecessor-version":[{"id":100161,"href":"https:\/\/eldiariodesanpedro.com.ar\/sitio\/wp-json\/wp\/v2\/posts\/100159\/revisions\/100161"}],"wp:featuredmedia":[{"embeddable":true,"href":"https:\/\/eldiariodesanpedro.com.ar\/sitio\/wp-json\/wp\/v2\/media\/100160"}],"wp:attachment":[{"href":"https:\/\/eldiariodesanpedro.com.ar\/sitio\/wp-json\/wp\/v2\/media?parent=100159"}],"wp:term":[{"taxonomy":"category","embeddable":true,"href":"https:\/\/eldiariodesanpedro.com.ar\/sitio\/wp-json\/wp\/v2\/categories?post=100159"},{"taxonomy":"post_tag","embeddable":true,"href":"https:\/\/eldiariodesanpedro.com.ar\/sitio\/wp-json\/wp\/v2\/tags?post=100159"}],"curies":[{"name":"wp","href":"https:\/\/api.w.org\/{rel}","templated":true}]}}