{"id":100142,"date":"2021-10-13T22:26:41","date_gmt":"2021-10-14T01:26:41","guid":{"rendered":"https:\/\/eldiariodesanpedro.com.ar\/sitio\/?p=100142"},"modified":"2021-10-13T22:26:50","modified_gmt":"2021-10-14T01:26:50","slug":"edicto-judicial-diego-arturo-herrera","status":"publish","type":"post","link":"https:\/\/eldiariodesanpedro.com.ar\/sitio\/edicto-judicial-diego-arturo-herrera\/","title":{"rendered":"Edicto Judicial Diego Arturo Herrera"},"content":{"rendered":"<!-- VideographyWP Plugin Message: Automatic video embedding prevented by plugin options. -->\n\n<p>Carlos Alberto Vera Barros Juez Federal Subrogante de San Nicol\u00e1s, en los autos caratulados: \u00abBanco de La Naci\u00f3n Argentina C\/ Herrera, Diego Arturo S\/Ejecuciones Varias\u00bb, Expte. FRO N\u00b0 45826\/2018, cita y emplaza a Diego Arturo Herrera, D.N.I. 25.181.686, para que comparezca a estar a derecho dentro de los cinco d\u00edas (5) contados a partir de la \u00faltima publicaci\u00f3n, bajo apercibimiento de nombr\u00e1rseles al Sr. Defensor Oficial para que los represente en el juicio ( arts. 531 inc. 2 y concordantes del CPCCN). 47.264 boni SAN NICOLAS, 13 de septiembre de 2021.<\/p>\n\n\n\n<p>DR. CARLOS ALBERTO VERA BARRIOS <br>JUEZ FEDERAL<\/p>\n","protected":false},"excerpt":{"rendered":"<p>Carlos Alberto Vera Barros Juez Federal Subrogante de San Nicol\u00e1s, en los autos caratulados: \u00abBanco de La Naci\u00f3n Argentina C\/ Herrera, Diego Arturo S\/Ejecuciones Varias\u00bb, Expte. FRO N\u00b0 45826\/2018, cita y emplaza a Diego Arturo Herrera, D.N.I. 25.181.686, para que comparezca a estar a derecho dentro de los cinco d\u00edas (5) contados a partir de [&hellip;]<\/p>\n","protected":false},"author":4,"featured_media":81115,"comment_status":"closed","ping_status":"closed","sticky":false,"template":"","format":"standard","meta":{"om_disable_all_campaigns":false,"_jetpack_memberships_contains_paid_content":false,"footnotes":""},"categories":[676,1124],"tags":[197,2469,1121,1355,33],"class_list":["post-100142","post","type-post","status-publish","format-standard","has-post-thumbnail","hentry","category-edictos","category-edictos-especiales","tag-buenos-aires","tag-diego-arturo-herrera","tag-edicto","tag-judiciales","tag-locales"],"aioseo_notices":[],"gutentor_comment":0,"jetpack_featured_media_url":"https:\/\/eldiariodesanpedro.com.ar\/sitio\/wp-content\/uploads\/2020\/09\/Poder-Judicial.jpg","jetpack_shortlink":"https:\/\/wp.me\/p6RhLt-q3c","jetpack_sharing_enabled":true,"_links":{"self":[{"href":"https:\/\/eldiariodesanpedro.com.ar\/sitio\/wp-json\/wp\/v2\/posts\/100142","targetHints":{"allow":["GET"]}}],"collection":[{"href":"https:\/\/eldiariodesanpedro.com.ar\/sitio\/wp-json\/wp\/v2\/posts"}],"about":[{"href":"https:\/\/eldiariodesanpedro.com.ar\/sitio\/wp-json\/wp\/v2\/types\/post"}],"author":[{"embeddable":true,"href":"https:\/\/eldiariodesanpedro.com.ar\/sitio\/wp-json\/wp\/v2\/users\/4"}],"replies":[{"embeddable":true,"href":"https:\/\/eldiariodesanpedro.com.ar\/sitio\/wp-json\/wp\/v2\/comments?post=100142"}],"version-history":[{"count":1,"href":"https:\/\/eldiariodesanpedro.com.ar\/sitio\/wp-json\/wp\/v2\/posts\/100142\/revisions"}],"predecessor-version":[{"id":100143,"href":"https:\/\/eldiariodesanpedro.com.ar\/sitio\/wp-json\/wp\/v2\/posts\/100142\/revisions\/100143"}],"wp:featuredmedia":[{"embeddable":true,"href":"https:\/\/eldiariodesanpedro.com.ar\/sitio\/wp-json\/wp\/v2\/media\/81115"}],"wp:attachment":[{"href":"https:\/\/eldiariodesanpedro.com.ar\/sitio\/wp-json\/wp\/v2\/media?parent=100142"}],"wp:term":[{"taxonomy":"category","embeddable":true,"href":"https:\/\/eldiariodesanpedro.com.ar\/sitio\/wp-json\/wp\/v2\/categories?post=100142"},{"taxonomy":"post_tag","embeddable":true,"href":"https:\/\/eldiariodesanpedro.com.ar\/sitio\/wp-json\/wp\/v2\/tags?post=100142"}],"curies":[{"name":"wp","href":"https:\/\/api.w.org\/{rel}","templated":true}]}}