{"id":100139,"date":"2021-10-13T18:37:18","date_gmt":"2021-10-13T21:37:18","guid":{"rendered":"https:\/\/eldiariodesanpedro.com.ar\/sitio\/?p=100139"},"modified":"2021-10-13T18:37:22","modified_gmt":"2021-10-13T21:37:22","slug":"en-plena-tarde-le-robaron-el-celular-a-una-joven-en-la-calle","status":"publish","type":"post","link":"https:\/\/eldiariodesanpedro.com.ar\/sitio\/en-plena-tarde-le-robaron-el-celular-a-una-joven-en-la-calle\/","title":{"rendered":"En plena tarde le robaron el celular a una joven en la calle"},"content":{"rendered":"<!-- VideographyWP Plugin Message: Automatic video embedding prevented by plugin options. -->\n\n<p>Este martes siendo las 14:30 horas una mujer de 45 a\u00f1os de edad que circulaba a pie por calle Saavedra al 1000, es sorprendida por un delincuente que le saca el celular mientras la denunciante hablaba por \u00e9l mismo, y se da a la fuga muy rapidamente.&nbsp;<\/p>\n\n\n\n<p>La v\u00edctima result\u00f3 afortunadamente ilesa e investiga la fiscal\u00eda Nro. 07 San Pedro.-<\/p>\n","protected":false},"excerpt":{"rendered":"<p>Este martes siendo las 14:30 horas una mujer de 45 a\u00f1os de edad que circulaba a pie por calle Saavedra al 1000, es sorprendida por un delincuente que le saca el celular mientras la denunciante hablaba por \u00e9l mismo, y se da a la fuga muy rapidamente.&nbsp; La v\u00edctima result\u00f3 afortunadamente ilesa e investiga la [&hellip;]<\/p>\n","protected":false},"author":4,"featured_media":100140,"comment_status":"closed","ping_status":"closed","sticky":false,"template":"","format":"standard","meta":{"om_disable_all_campaigns":false,"_jetpack_memberships_contains_paid_content":false,"footnotes":""},"categories":[2,103],"tags":[197,33,95,19],"class_list":["post-100139","post","type-post","status-publish","format-standard","has-post-thumbnail","hentry","category-locales","category-policiales-locales","tag-buenos-aires","tag-locales","tag-policiales","tag-san-pedro"],"aioseo_notices":[],"gutentor_comment":0,"jetpack_featured_media_url":"https:\/\/eldiariodesanpedro.com.ar\/sitio\/wp-content\/uploads\/2021\/10\/Arrebato-celular.jpg","jetpack_shortlink":"https:\/\/wp.me\/p6RhLt-q39","jetpack_sharing_enabled":true,"_links":{"self":[{"href":"https:\/\/eldiariodesanpedro.com.ar\/sitio\/wp-json\/wp\/v2\/posts\/100139","targetHints":{"allow":["GET"]}}],"collection":[{"href":"https:\/\/eldiariodesanpedro.com.ar\/sitio\/wp-json\/wp\/v2\/posts"}],"about":[{"href":"https:\/\/eldiariodesanpedro.com.ar\/sitio\/wp-json\/wp\/v2\/types\/post"}],"author":[{"embeddable":true,"href":"https:\/\/eldiariodesanpedro.com.ar\/sitio\/wp-json\/wp\/v2\/users\/4"}],"replies":[{"embeddable":true,"href":"https:\/\/eldiariodesanpedro.com.ar\/sitio\/wp-json\/wp\/v2\/comments?post=100139"}],"version-history":[{"count":1,"href":"https:\/\/eldiariodesanpedro.com.ar\/sitio\/wp-json\/wp\/v2\/posts\/100139\/revisions"}],"predecessor-version":[{"id":100141,"href":"https:\/\/eldiariodesanpedro.com.ar\/sitio\/wp-json\/wp\/v2\/posts\/100139\/revisions\/100141"}],"wp:featuredmedia":[{"embeddable":true,"href":"https:\/\/eldiariodesanpedro.com.ar\/sitio\/wp-json\/wp\/v2\/media\/100140"}],"wp:attachment":[{"href":"https:\/\/eldiariodesanpedro.com.ar\/sitio\/wp-json\/wp\/v2\/media?parent=100139"}],"wp:term":[{"taxonomy":"category","embeddable":true,"href":"https:\/\/eldiariodesanpedro.com.ar\/sitio\/wp-json\/wp\/v2\/categories?post=100139"},{"taxonomy":"post_tag","embeddable":true,"href":"https:\/\/eldiariodesanpedro.com.ar\/sitio\/wp-json\/wp\/v2\/tags?post=100139"}],"curies":[{"name":"wp","href":"https:\/\/api.w.org\/{rel}","templated":true}]}}