{"id":10011,"date":"2016-11-10T18:15:40","date_gmt":"2016-11-10T21:15:40","guid":{"rendered":"https:\/\/eldiariodesanpedro.com.ar\/sitio\/?p=10011"},"modified":"2016-11-10T18:15:40","modified_gmt":"2016-11-10T21:15:40","slug":"oferta-de-trabajo","status":"publish","type":"post","link":"https:\/\/eldiariodesanpedro.com.ar\/sitio\/oferta-de-trabajo\/","title":{"rendered":"Oferta de trabajo"},"content":{"rendered":"<p><!-- VideographyWP Plugin Message: Automatic video embedding prevented by plugin options. --><br \/>\nEmpresa de Transporte de Pasajeros \u201cBuen Viaje GO\u201d contin\u00faa con la B\u00fasqueda de Ch\u00f3feres.<br \/>\nLos interesados deben acercarse a la Oficina de Empleo ubicada en Ayacucho 299, de lunes a viernes de 8.00 a 14.00.<br \/>\nConcurrir con CV y Fotocopia de DNI y Registros solicitados.<br \/>\nRequisitos:<br \/>\nEdad: 30 \u2013 45 a\u00f1os<br \/>\nSexo: Masculino<br \/>\nExperiencia comprobable en conducci\u00f3n de media y larga distancia.<br \/>\nSecundario completo<br \/>\nRegistros Nacional y Provincial vigentes<br \/>\nResidencia: San Pedro y Rio Tala<\/p>\n","protected":false},"excerpt":{"rendered":"<p>Empresa de Transporte de Pasajeros \u201cBuen Viaje GO\u201d contin\u00faa con la B\u00fasqueda de Ch\u00f3feres. Los interesados deben acercarse a la Oficina de Empleo ubicada en Ayacucho 299, de lunes a viernes de 8.00 a 14.00. Concurrir con CV y Fotocopia de DNI y Registros solicitados. Requisitos: Edad: 30 \u2013 45 a\u00f1os Sexo: Masculino Experiencia comprobable [&hellip;]<\/p>\n","protected":false},"author":4,"featured_media":4452,"comment_status":"open","ping_status":"closed","sticky":false,"template":"","format":"standard","meta":{"om_disable_all_campaigns":false,"_jetpack_memberships_contains_paid_content":false,"footnotes":""},"categories":[101,2],"tags":[],"class_list":["post-10011","post","type-post","status-publish","format-standard","has-post-thumbnail","hentry","category-interes-general-locales","category-locales"],"aioseo_notices":[],"gutentor_comment":0,"jetpack_featured_media_url":"https:\/\/eldiariodesanpedro.com.ar\/sitio\/wp-content\/uploads\/2016\/05\/Oficina-de-empleo.jpg","jetpack_shortlink":"https:\/\/wp.me\/p6RhLt-2Bt","jetpack_sharing_enabled":true,"_links":{"self":[{"href":"https:\/\/eldiariodesanpedro.com.ar\/sitio\/wp-json\/wp\/v2\/posts\/10011","targetHints":{"allow":["GET"]}}],"collection":[{"href":"https:\/\/eldiariodesanpedro.com.ar\/sitio\/wp-json\/wp\/v2\/posts"}],"about":[{"href":"https:\/\/eldiariodesanpedro.com.ar\/sitio\/wp-json\/wp\/v2\/types\/post"}],"author":[{"embeddable":true,"href":"https:\/\/eldiariodesanpedro.com.ar\/sitio\/wp-json\/wp\/v2\/users\/4"}],"replies":[{"embeddable":true,"href":"https:\/\/eldiariodesanpedro.com.ar\/sitio\/wp-json\/wp\/v2\/comments?post=10011"}],"version-history":[{"count":1,"href":"https:\/\/eldiariodesanpedro.com.ar\/sitio\/wp-json\/wp\/v2\/posts\/10011\/revisions"}],"predecessor-version":[{"id":10012,"href":"https:\/\/eldiariodesanpedro.com.ar\/sitio\/wp-json\/wp\/v2\/posts\/10011\/revisions\/10012"}],"wp:featuredmedia":[{"embeddable":true,"href":"https:\/\/eldiariodesanpedro.com.ar\/sitio\/wp-json\/wp\/v2\/media\/4452"}],"wp:attachment":[{"href":"https:\/\/eldiariodesanpedro.com.ar\/sitio\/wp-json\/wp\/v2\/media?parent=10011"}],"wp:term":[{"taxonomy":"category","embeddable":true,"href":"https:\/\/eldiariodesanpedro.com.ar\/sitio\/wp-json\/wp\/v2\/categories?post=10011"},{"taxonomy":"post_tag","embeddable":true,"href":"https:\/\/eldiariodesanpedro.com.ar\/sitio\/wp-json\/wp\/v2\/tags?post=10011"}],"curies":[{"name":"wp","href":"https:\/\/api.w.org\/{rel}","templated":true}]}}