{"id":100102,"date":"2021-10-12T20:18:44","date_gmt":"2021-10-12T23:18:44","guid":{"rendered":"https:\/\/eldiariodesanpedro.com.ar\/sitio\/?p=100102"},"modified":"2021-10-12T20:18:48","modified_gmt":"2021-10-12T23:18:48","slug":"se-llevo-a-cabo-el-acto-de-entrega-de-312-escrituras-2","status":"publish","type":"post","link":"https:\/\/eldiariodesanpedro.com.ar\/sitio\/se-llevo-a-cabo-el-acto-de-entrega-de-312-escrituras-2\/","title":{"rendered":"Se llev\u00f3 a cabo el acto de entrega de 312 escrituras"},"content":{"rendered":"<!-- VideographyWP Plugin Message: Automatic video embedding prevented by plugin options. -->\n\n<p>Esta ma\u00f1ana el Intendente Cecilio Salazar recibi\u00f3 al Ministro de Hacienda y Finanzas de la Provincia de Buenos Aires Pablo L\u00f3pez para encabezar el acto en el cual se realiz\u00f3 la entrega de 312 escrituras que permitir\u00e1n obtener su t\u00edtulo de propiedad a las familias sampedrinas de los barrios San Francisco de As\u00eds, 66 viviendas 104 y FONAVI.<\/p>\n\n\n\n<p>En el marco del Plan de Regularizaci\u00f3n Dominial y como resultado de las gestiones realizadas desde la Oficina de Escrituraciones que encabeza Javier Silva se llev\u00f3 a cabo en el Club Los Andes un emotivo acto del que participaron, el Secretario de Coordinaci\u00f3n Ram\u00f3n Salazar, el Secretario de Gobierno Pablo Vlaeminck, el Secretario de Econom\u00eda y Hacienda Fabi\u00e1n Rodr\u00edguez, el Secretario de Seguridad Eduardo Roleri, el Secretario de Salud Daniel Creus, la Presidenta del Honorable Concejo Deliberante M\u00f3nica Otero junto a miembros del Concejo y en representaci\u00f3n de la Escriban\u00eda General de Gobierno Rosa Borda.<\/p>\n\n\n\n<p>Para abrir el acto, el Jefe Comunal se refiri\u00f3 a la demora que llevaron algunas escrituras, pero asegur\u00f3 que se trabaja para que lleguen e inform\u00f3 que \u201cen los pr\u00f3ximos d\u00edas se van a seguir sumando unas cien escrituras m\u00e1s aproximadamente\u201d y asegur\u00f3 que \u201cnuestra tarea y nuestro trabajo va a finalizar cuando no quede un solo sampedrino sin el t\u00edtulo de su casa\u201d.<\/p>\n\n\n\n<p>Antes de comenzar la entrega de escrituras, el Ministro Pablo L\u00f3pez se mostr\u00f3 satisfecho de visitar la ciudad y manifest\u00f3 \u201cla importancia que tiene la pol\u00edtica que lleva a delante la provincia junto con cada uno de los 135 municipios\u201d ya que el Gobernador Axel Kicillof decidi\u00f3 que el acceso a la vivienda es una pol\u00edtica importante para la gesti\u00f3n del Gobierno Provincial. Adem\u00e1s, inform\u00f3 que \u201cse busca entregar 60 mil escrituras, ya se han entregado 25 mil, 1500 escrituras en esta regi\u00f3n de la provincia y en san pedro m\u00e1s de 300\u201d.<\/p>\n\n\n\n<p>Al finalizar el acto, el Intendente junto al Ministro recorrieron la obra de repavimentaci\u00f3n de 12 cuadras llevadas a cabo en el marco del programa PREIMBA que comprende los cuadrantes de las calles 3 de febrero, Sarmiento, Salta y Caseros, y recorrieron la costanera.<\/p>\n\n\n\n<figure class=\"wp-block-image size-large\"><img decoding=\"async\" width=\"1024\" height=\"722\" data-attachment-id=\"100106\" data-permalink=\"https:\/\/eldiariodesanpedro.com.ar\/sitio\/se-llevo-a-cabo-el-acto-de-entrega-de-312-escrituras-2\/whatsapp-image-2021-10-12-at-15-57-03\/\" data-orig-file=\"https:\/\/eldiariodesanpedro.com.ar\/sitio\/wp-content\/uploads\/2021\/10\/WhatsApp-Image-2021-10-12-at-15.57.03.jpeg\" data-orig-size=\"1280,902\" data-comments-opened=\"0\" data-image-meta=\"{&quot;aperture&quot;:&quot;0&quot;,&quot;credit&quot;:&quot;&quot;,&quot;camera&quot;:&quot;&quot;,&quot;caption&quot;:&quot;&quot;,&quot;created_timestamp&quot;:&quot;0&quot;,&quot;copyright&quot;:&quot;&quot;,&quot;focal_length&quot;:&quot;0&quot;,&quot;iso&quot;:&quot;0&quot;,&quot;shutter_speed&quot;:&quot;0&quot;,&quot;title&quot;:&quot;&quot;,&quot;orientation&quot;:&quot;0&quot;}\" data-image-title=\"WhatsApp Image 2021-10-12 at 15.57.03\" data-image-description=\"\" data-image-caption=\"\" data-large-file=\"https:\/\/eldiariodesanpedro.com.ar\/sitio\/wp-content\/uploads\/2021\/10\/WhatsApp-Image-2021-10-12-at-15.57.03-1024x722.jpeg\" data-src=\"https:\/\/eldiariodesanpedro.com.ar\/sitio\/wp-content\/uploads\/2021\/10\/WhatsApp-Image-2021-10-12-at-15.57.03-1024x722.jpeg\" alt=\"\" class=\"wp-image-100106 lazyload\" data-srcset=\"https:\/\/eldiariodesanpedro.com.ar\/sitio\/wp-content\/uploads\/2021\/10\/WhatsApp-Image-2021-10-12-at-15.57.03-1024x722.jpeg 1024w, https:\/\/eldiariodesanpedro.com.ar\/sitio\/wp-content\/uploads\/2021\/10\/WhatsApp-Image-2021-10-12-at-15.57.03-300x211.jpeg 300w, https:\/\/eldiariodesanpedro.com.ar\/sitio\/wp-content\/uploads\/2021\/10\/WhatsApp-Image-2021-10-12-at-15.57.03-768x541.jpeg 768w, https:\/\/eldiariodesanpedro.com.ar\/sitio\/wp-content\/uploads\/2021\/10\/WhatsApp-Image-2021-10-12-at-15.57.03.jpeg 1280w\" data-sizes=\"(max-width: 1024px) 100vw, 1024px\" src=\"data:image\/svg+xml;base64,PHN2ZyB3aWR0aD0iMSIgaGVpZ2h0PSIxIiB4bWxucz0iaHR0cDovL3d3dy53My5vcmcvMjAwMC9zdmciPjwvc3ZnPg==\" style=\"--smush-placeholder-width: 1024px; --smush-placeholder-aspect-ratio: 1024\/722;\" \/><\/figure>\n\n\n\n<figure class=\"wp-block-image size-large\"><img decoding=\"async\" width=\"1024\" height=\"682\" data-attachment-id=\"100105\" data-permalink=\"https:\/\/eldiariodesanpedro.com.ar\/sitio\/se-llevo-a-cabo-el-acto-de-entrega-de-312-escrituras-2\/whatsapp-image-2021-10-12-at-15-57-02\/\" data-orig-file=\"https:\/\/eldiariodesanpedro.com.ar\/sitio\/wp-content\/uploads\/2021\/10\/WhatsApp-Image-2021-10-12-at-15.57.02.jpeg\" data-orig-size=\"1280,853\" data-comments-opened=\"0\" data-image-meta=\"{&quot;aperture&quot;:&quot;0&quot;,&quot;credit&quot;:&quot;&quot;,&quot;camera&quot;:&quot;&quot;,&quot;caption&quot;:&quot;&quot;,&quot;created_timestamp&quot;:&quot;0&quot;,&quot;copyright&quot;:&quot;&quot;,&quot;focal_length&quot;:&quot;0&quot;,&quot;iso&quot;:&quot;0&quot;,&quot;shutter_speed&quot;:&quot;0&quot;,&quot;title&quot;:&quot;&quot;,&quot;orientation&quot;:&quot;0&quot;}\" data-image-title=\"WhatsApp Image 2021-10-12 at 15.57.02\" data-image-description=\"\" data-image-caption=\"\" data-large-file=\"https:\/\/eldiariodesanpedro.com.ar\/sitio\/wp-content\/uploads\/2021\/10\/WhatsApp-Image-2021-10-12-at-15.57.02-1024x682.jpeg\" data-src=\"https:\/\/eldiariodesanpedro.com.ar\/sitio\/wp-content\/uploads\/2021\/10\/WhatsApp-Image-2021-10-12-at-15.57.02-1024x682.jpeg\" alt=\"\" class=\"wp-image-100105 lazyload\" data-srcset=\"https:\/\/eldiariodesanpedro.com.ar\/sitio\/wp-content\/uploads\/2021\/10\/WhatsApp-Image-2021-10-12-at-15.57.02-1024x682.jpeg 1024w, https:\/\/eldiariodesanpedro.com.ar\/sitio\/wp-content\/uploads\/2021\/10\/WhatsApp-Image-2021-10-12-at-15.57.02-300x200.jpeg 300w, https:\/\/eldiariodesanpedro.com.ar\/sitio\/wp-content\/uploads\/2021\/10\/WhatsApp-Image-2021-10-12-at-15.57.02-768x512.jpeg 768w, https:\/\/eldiariodesanpedro.com.ar\/sitio\/wp-content\/uploads\/2021\/10\/WhatsApp-Image-2021-10-12-at-15.57.02.jpeg 1280w\" data-sizes=\"(max-width: 1024px) 100vw, 1024px\" src=\"data:image\/svg+xml;base64,PHN2ZyB3aWR0aD0iMSIgaGVpZ2h0PSIxIiB4bWxucz0iaHR0cDovL3d3dy53My5vcmcvMjAwMC9zdmciPjwvc3ZnPg==\" style=\"--smush-placeholder-width: 1024px; --smush-placeholder-aspect-ratio: 1024\/682;\" \/><\/figure>\n\n\n\n<figure class=\"wp-block-image size-large\"><img decoding=\"async\" width=\"1024\" height=\"685\" data-attachment-id=\"100108\" data-permalink=\"https:\/\/eldiariodesanpedro.com.ar\/sitio\/se-llevo-a-cabo-el-acto-de-entrega-de-312-escrituras-2\/whatsapp-image-2021-10-12-at-15-57-05\/\" data-orig-file=\"https:\/\/eldiariodesanpedro.com.ar\/sitio\/wp-content\/uploads\/2021\/10\/WhatsApp-Image-2021-10-12-at-15.57.05.jpeg\" data-orig-size=\"1280,856\" data-comments-opened=\"0\" data-image-meta=\"{&quot;aperture&quot;:&quot;0&quot;,&quot;credit&quot;:&quot;&quot;,&quot;camera&quot;:&quot;&quot;,&quot;caption&quot;:&quot;&quot;,&quot;created_timestamp&quot;:&quot;0&quot;,&quot;copyright&quot;:&quot;&quot;,&quot;focal_length&quot;:&quot;0&quot;,&quot;iso&quot;:&quot;0&quot;,&quot;shutter_speed&quot;:&quot;0&quot;,&quot;title&quot;:&quot;&quot;,&quot;orientation&quot;:&quot;0&quot;}\" data-image-title=\"WhatsApp Image 2021-10-12 at 15.57.05\" data-image-description=\"\" data-image-caption=\"\" data-large-file=\"https:\/\/eldiariodesanpedro.com.ar\/sitio\/wp-content\/uploads\/2021\/10\/WhatsApp-Image-2021-10-12-at-15.57.05-1024x685.jpeg\" data-src=\"https:\/\/eldiariodesanpedro.com.ar\/sitio\/wp-content\/uploads\/2021\/10\/WhatsApp-Image-2021-10-12-at-15.57.05-1024x685.jpeg\" alt=\"\" class=\"wp-image-100108 lazyload\" data-srcset=\"https:\/\/eldiariodesanpedro.com.ar\/sitio\/wp-content\/uploads\/2021\/10\/WhatsApp-Image-2021-10-12-at-15.57.05-1024x685.jpeg 1024w, https:\/\/eldiariodesanpedro.com.ar\/sitio\/wp-content\/uploads\/2021\/10\/WhatsApp-Image-2021-10-12-at-15.57.05-300x201.jpeg 300w, https:\/\/eldiariodesanpedro.com.ar\/sitio\/wp-content\/uploads\/2021\/10\/WhatsApp-Image-2021-10-12-at-15.57.05-768x514.jpeg 768w, https:\/\/eldiariodesanpedro.com.ar\/sitio\/wp-content\/uploads\/2021\/10\/WhatsApp-Image-2021-10-12-at-15.57.05.jpeg 1280w\" data-sizes=\"(max-width: 1024px) 100vw, 1024px\" src=\"data:image\/svg+xml;base64,PHN2ZyB3aWR0aD0iMSIgaGVpZ2h0PSIxIiB4bWxucz0iaHR0cDovL3d3dy53My5vcmcvMjAwMC9zdmciPjwvc3ZnPg==\" style=\"--smush-placeholder-width: 1024px; --smush-placeholder-aspect-ratio: 1024\/685;\" \/><\/figure>\n","protected":false},"excerpt":{"rendered":"<p>Esta ma\u00f1ana el Intendente Cecilio Salazar recibi\u00f3 al Ministro de Hacienda y Finanzas de la Provincia de Buenos Aires Pablo L\u00f3pez para encabezar el acto en el cual se realiz\u00f3 la entrega de 312 escrituras que permitir\u00e1n obtener su t\u00edtulo de propiedad a las familias sampedrinas de los barrios San Francisco de As\u00eds, 66 viviendas [&hellip;]<\/p>\n","protected":false},"author":4,"featured_media":100104,"comment_status":"closed","ping_status":"closed","sticky":false,"template":"","format":"standard","meta":{"om_disable_all_campaigns":false,"_jetpack_memberships_contains_paid_content":false,"footnotes":""},"categories":[50,101,2],"tags":[197,2462,696,33,19],"class_list":["post-100102","post","type-post","status-publish","format-standard","has-post-thumbnail","hentry","category-destacadas","category-interes-general-locales","category-locales","tag-buenos-aires","tag-entrega-de-312-escrituras","tag-interes-general","tag-locales","tag-san-pedro"],"aioseo_notices":[],"gutentor_comment":0,"jetpack_featured_media_url":"https:\/\/eldiariodesanpedro.com.ar\/sitio\/wp-content\/uploads\/2021\/10\/WhatsApp-Image-2021-10-12-at-15.57.02-1.jpeg","jetpack_shortlink":"https:\/\/wp.me\/p6RhLt-q2y","jetpack_sharing_enabled":true,"_links":{"self":[{"href":"https:\/\/eldiariodesanpedro.com.ar\/sitio\/wp-json\/wp\/v2\/posts\/100102","targetHints":{"allow":["GET"]}}],"collection":[{"href":"https:\/\/eldiariodesanpedro.com.ar\/sitio\/wp-json\/wp\/v2\/posts"}],"about":[{"href":"https:\/\/eldiariodesanpedro.com.ar\/sitio\/wp-json\/wp\/v2\/types\/post"}],"author":[{"embeddable":true,"href":"https:\/\/eldiariodesanpedro.com.ar\/sitio\/wp-json\/wp\/v2\/users\/4"}],"replies":[{"embeddable":true,"href":"https:\/\/eldiariodesanpedro.com.ar\/sitio\/wp-json\/wp\/v2\/comments?post=100102"}],"version-history":[{"count":1,"href":"https:\/\/eldiariodesanpedro.com.ar\/sitio\/wp-json\/wp\/v2\/posts\/100102\/revisions"}],"predecessor-version":[{"id":100109,"href":"https:\/\/eldiariodesanpedro.com.ar\/sitio\/wp-json\/wp\/v2\/posts\/100102\/revisions\/100109"}],"wp:featuredmedia":[{"embeddable":true,"href":"https:\/\/eldiariodesanpedro.com.ar\/sitio\/wp-json\/wp\/v2\/media\/100104"}],"wp:attachment":[{"href":"https:\/\/eldiariodesanpedro.com.ar\/sitio\/wp-json\/wp\/v2\/media?parent=100102"}],"wp:term":[{"taxonomy":"category","embeddable":true,"href":"https:\/\/eldiariodesanpedro.com.ar\/sitio\/wp-json\/wp\/v2\/categories?post=100102"},{"taxonomy":"post_tag","embeddable":true,"href":"https:\/\/eldiariodesanpedro.com.ar\/sitio\/wp-json\/wp\/v2\/tags?post=100102"}],"curies":[{"name":"wp","href":"https:\/\/api.w.org\/{rel}","templated":true}]}}