{"id":10010,"date":"2016-11-10T18:29:54","date_gmt":"2016-11-10T21:29:54","guid":{"rendered":"https:\/\/eldiariodesanpedro.com.ar\/sitio\/?p=10010"},"modified":"2016-11-10T18:54:08","modified_gmt":"2016-11-10T21:54:08","slug":"siempre-tenemos-un-aprovechado-politico-que-saca-ventajas-de-la-inseguridad","status":"publish","type":"post","link":"https:\/\/eldiariodesanpedro.com.ar\/sitio\/siempre-tenemos-un-aprovechado-politico-que-saca-ventajas-de-la-inseguridad\/","title":{"rendered":"\u00abSiempre tenemos un aprovechado pol\u00edtico que saca ventajas de la inseguridad\u00bb"},"content":{"rendered":"<p><!-- VideographyWP Plugin Message: Automatic video embedding prevented by plugin options. --><br \/>\nEl d\u00eda de hoy entrevistamos al intendente de San Pedro, Cecilio Salazar, con quien hablamos de diversos temas que le interesan a la sociedad local.<\/p>\n<p>Sobre la reuni\u00f3n con los concejales por la problem\u00e1tica de la inseguridad, el pasado martes, el intendente cont\u00f3: \u00abHabl\u00e9 con los concejales y les traslad\u00e9 a ellos que el tema de la seguridad es algo muy complejo y delicado como para tratarlo muy livianamente. Es una responsabilidad de todos, no solamente m\u00eda, porque cuando se habla de seguridad hay que tener en cuenta que uno no tiene el poder de manejar la polic\u00eda, y por m\u00e1s que uno se preocupe, la polic\u00eda se maneja con otras \u00f3rdenes\u201d.<\/p>\n<p>En ese sentido, el intendente explic\u00f3 que, aunque los reclamos de los ciudadanos se dirigen habitualmente a su persona, tambi\u00e9n es problema de los concejales: \u201cLa manera no es decir \u2018ah, bueno, no es un problema m\u00edo, es un problema del intendente\u2019. En realidad es un problema de todos. La gente elige el intendente y adem\u00e1s elige a los concejales, se los transmit\u00ed y lo asumieron cada uno de los jefes de bloque\u00bb.<\/p>\n<p>Continuando con el tema, Salazar indic\u00f3: \u00abEstamos por reflotar una ordenanza vieja del a\u00f1o 92, que vamos a tomar algunas de sus partes y vamos a tratar de implementarla para tener un mayor consenso con las fuerzas de seguridad, para ver c\u00f3mo podemos entre todos frenar la situaci\u00f3n l\u00edmite en la que se encuentra nuestra ciudad, sobre todo con el tema de la nocturnidad. Por eso ser\u00eda muy bueno que todos nos sentemos en una mesa de trabajo y debatamos c\u00f3mo solucionar este problema, sin querer sacar una ventaja pol\u00edtica, porque lamentablemente siempre tenemos alg\u00fan aprovechado pol\u00edtico que con algunas declaraciones quiere sacar ventaja, y me parece que esto es un error\u201d. \u201cQuerer sacar ventaja pol\u00edtica con el tema de la seguridad, que es tan complicado, no esta muy bueno\u00bb, sentenci\u00f3 el mandatario.<\/p>\n<p>Adem\u00e1s adelant\u00f3 que se conformar\u00e1 en los pr\u00f3ximos d\u00edas una mesa de seguridad con representantes de todas las fuerzas y concejales, la cual estar\u00eda liderada por Silvio Corti y por el Dr. Ram\u00f3n Salazar. Su objetivo ser\u00e1 tratar los temas de seguridad de nuestra ciudad.<\/p>\n<p><strong>Arreglos en los accesos <\/strong><\/p>\n<p>Recientemente, una considerable cantidad de vecinos se sintieron molestos por el deterioro que presentan los arreglos efectuados sobre la ruta 1001 y 191. Sobre ello, Salazar admiti\u00f3: \u00abEl trabajo que se est\u00e1 realizando en la ruta es muy bueno. Es verdad que se volvi\u00f3 a romper en 4 o 5 lugares, pero fue porque la empresa constructora y el inspector de Vialidad no advirtieron que ten\u00edan que hacer el bacheo profundo. Por eso es que se ha vuelto a romper\u201d. <\/p>\n<p>El mandatario consider\u00f3 luego que \u201cpor suerte\u201d los da\u00f1os fueron evidenciados a tiempo para hacer el correspondiente reclamo a la empresa constructora, que a\u00fan se encuentra trabajando en las obras: \u201cEl d\u00eda lunes estuve reunido con el ingeniero de la empresa y ya nos aseguraron que en estos d\u00edas empiezan a reparar donde se da\u00f1\u00f3, y ahora s\u00ed har\u00e1n el bacheo profundo que corresponde. Adem\u00e1s cabe aclarar que despu\u00e9s de esta reparaci\u00f3n la ruta llevar\u00eda una capa m\u00e1s de 5 cm y luego, para terminar, la se\u00f1alizaci\u00f3n\u00bb. <\/p>\n<p>Asimismo, Salazar enumer\u00f3 que otros trabajos se realizar\u00e1n en materia vial: \u00abUna vez terminadas las entradas, se llevar\u00e1 a cabo el trabajo en la avenida Crucero General Belgrano desde la ruta 1001 hasta la rotonda de 3 de Febrero, y tambi\u00e9n se renovar\u00e1 la ruta desde la Av. Sarmiento hasta donde se termin\u00f3 ahora por ruta 1001. Vamos a tener dos muy lindos ingresos a nuestra ciudad, algo que se le deb\u00eda a San Pedro\u00bb.<\/p>\n<p><strong>Inversi\u00f3n en escuelas<\/strong><\/p>\n<p>Sobre las obras en escuelas, el mandatario local se refiri\u00f3 a la de la Escuela Agrot\u00e9cnica que se encuentra en R\u00edo Tala: una obra que recibi\u00f3 una inversi\u00f3n de $14.000.000 para su reactivaci\u00f3n y que va a contar con nuevos salones, donde se podr\u00e1n dictar los talleres que se encuentran suspendidos por falta de las herramientas y del espacio necesario. <\/p>\n<p>Adem\u00e1s, se sumar\u00e1n los corrales con animales y un veh\u00edculo propio (una combi) para poder transportar a los alumnos. <\/p>\n<p><strong>Vuelta de Obligado<\/strong> <\/p>\n<p>Otro de los trabajos que se est\u00e1n llevando a cabo es el que se realiza en Vuelta de Obligado con la terminaci\u00f3n de las obras que estaban paradas, por ejemplo, el puente. Seg\u00fan expres\u00f3 el intendente, d\u00edas atr\u00e1s hab\u00eda elevado el reclamo a Mariano Campos, el director de Vialidad, quien le atendi\u00f3 el reclamo y ya se encuentran trabajando en el mismo para terminar el puente antes de la temporada de verano, que es cuando m\u00e1s gente llega a ese lugar.<\/p>\n<p><strong>Nuevos veh\u00edculos para mejores servicios<\/strong><\/p>\n<p>Se compraron nuevos m\u00f3viles para el personal de Inspecci\u00f3n Municipal (en total son 12), de los cuales ya arribaron a San Pedro tres (ver nota p\u00e1gina 5). Los restantes ir\u00e1n llegando de a poco, ya que el municipio exigi\u00f3 que sean de color blanco y a medida que la empresa vaya teniendo disponibilidad en ese color los estar\u00e1n entregando.<br \/>\nTambi\u00e9n se recibi\u00f3, como ya hab\u00edamos adelantado en El Diario d\u00edas atr\u00e1s, una ambulancia de alta complejidad que fue entregada por el Gobierno de la Provincia al municipio. En principio, el intendente hab\u00eda solicitado una ambulancia para el traslado de pacientes de emergencia, pero como Provincia asign\u00f3 16 de alta complejidad y 24 para uso en emergencia entre diferentes municipios, la Municipalidad recibi\u00f3 una de las de alta complejidad, la cual ser\u00e1 usada para traslado de pacientes con problemas m\u00e1s graves a otras ciudades y no como hab\u00edan pensado anteriormente.<br \/>\nLa gran novedad es que la ambulancia que se encontraba cubriendo el servicio 107 ser\u00e1 reparada y puesta en muy buenas condiciones, y entregada a la localidad de Vuelta de Obligado, siendo la primera vez en su historia que contar\u00e1 con su propia ambulancia, solucionando as\u00ed un reclamo constante de los habitantes del poblado.<\/p>\n","protected":false},"excerpt":{"rendered":"<p>El d\u00eda de hoy entrevistamos al intendente de San Pedro, Cecilio Salazar, con quien hablamos de diversos temas que le interesan a la sociedad local. Sobre la reuni\u00f3n con los concejales por la problem\u00e1tica de la inseguridad, el pasado martes, el intendente cont\u00f3: \u00abHabl\u00e9 con los concejales y les traslad\u00e9 a ellos que el tema [&hellip;]<\/p>\n","protected":false},"author":4,"featured_media":10028,"comment_status":"open","ping_status":"closed","sticky":false,"template":"","format":"standard","meta":{"om_disable_all_campaigns":false,"_jetpack_memberships_contains_paid_content":false,"footnotes":""},"categories":[50,2,102],"tags":[],"class_list":["post-10010","post","type-post","status-publish","format-standard","has-post-thumbnail","hentry","category-destacadas","category-locales","category-politica-locales"],"aioseo_notices":[],"gutentor_comment":0,"jetpack_featured_media_url":"https:\/\/eldiariodesanpedro.com.ar\/sitio\/wp-content\/uploads\/2016\/11\/PAGINA-2.jpg","jetpack_shortlink":"https:\/\/wp.me\/p6RhLt-2Bs","jetpack_sharing_enabled":true,"_links":{"self":[{"href":"https:\/\/eldiariodesanpedro.com.ar\/sitio\/wp-json\/wp\/v2\/posts\/10010","targetHints":{"allow":["GET"]}}],"collection":[{"href":"https:\/\/eldiariodesanpedro.com.ar\/sitio\/wp-json\/wp\/v2\/posts"}],"about":[{"href":"https:\/\/eldiariodesanpedro.com.ar\/sitio\/wp-json\/wp\/v2\/types\/post"}],"author":[{"embeddable":true,"href":"https:\/\/eldiariodesanpedro.com.ar\/sitio\/wp-json\/wp\/v2\/users\/4"}],"replies":[{"embeddable":true,"href":"https:\/\/eldiariodesanpedro.com.ar\/sitio\/wp-json\/wp\/v2\/comments?post=10010"}],"version-history":[{"count":4,"href":"https:\/\/eldiariodesanpedro.com.ar\/sitio\/wp-json\/wp\/v2\/posts\/10010\/revisions"}],"predecessor-version":[{"id":10030,"href":"https:\/\/eldiariodesanpedro.com.ar\/sitio\/wp-json\/wp\/v2\/posts\/10010\/revisions\/10030"}],"wp:featuredmedia":[{"embeddable":true,"href":"https:\/\/eldiariodesanpedro.com.ar\/sitio\/wp-json\/wp\/v2\/media\/10028"}],"wp:attachment":[{"href":"https:\/\/eldiariodesanpedro.com.ar\/sitio\/wp-json\/wp\/v2\/media?parent=10010"}],"wp:term":[{"taxonomy":"category","embeddable":true,"href":"https:\/\/eldiariodesanpedro.com.ar\/sitio\/wp-json\/wp\/v2\/categories?post=10010"},{"taxonomy":"post_tag","embeddable":true,"href":"https:\/\/eldiariodesanpedro.com.ar\/sitio\/wp-json\/wp\/v2\/tags?post=10010"}],"curies":[{"name":"wp","href":"https:\/\/api.w.org\/{rel}","templated":true}]}}