{"id":100092,"date":"2021-10-12T20:03:53","date_gmt":"2021-10-12T23:03:53","guid":{"rendered":"https:\/\/eldiariodesanpedro.com.ar\/sitio\/?p=100092"},"modified":"2021-10-12T20:07:11","modified_gmt":"2021-10-12T23:07:11","slug":"reunion-mensual-de-la-mesa-local-de-prevencion-y-atencion-de-violencia-de-genero-y-familiar-de-la-ciudad-de-san-pedro","status":"publish","type":"post","link":"https:\/\/eldiariodesanpedro.com.ar\/sitio\/reunion-mensual-de-la-mesa-local-de-prevencion-y-atencion-de-violencia-de-genero-y-familiar-de-la-ciudad-de-san-pedro\/","title":{"rendered":"Reuni\u00f3n mensual de la Mesa Local de Prevenci\u00f3n y Atenci\u00f3n de violencia de G\u00e9nero y Familiar de la ciudad de San Pedro"},"content":{"rendered":"<!-- VideographyWP Plugin Message: Automatic video embedding prevented by plugin options. -->\n\n<p>Se llev\u00f3 a cabo la reuni\u00f3n mensual de la Mesa Local de Prevenci\u00f3n y Atenci\u00f3n de violencia de G\u00e9nero y Familiar de la ciudad de San Pedro el pasado jueves 07 de octubre a las 19 horas. La misma se realiza los primeros jueves de cada mes, teniendo como fin elaborar pol\u00edticas en conjunto para promover y prevenir la violencia, a partir de acciones diagramadas entre los diferentes espacios gubernamentales, el poder Judicial, personal policial, organizaciones, agrupaciones, partidos pol\u00edticos, y sindicatos de la ciudad de San Pedro.<\/p>\n\n\n\n<p>Habi\u00e9ndose habilitado la posibilidad de realizar las mismas de manera presencial, tuvimos la posibilidad de realizarla en la Subsecretaria de Pol\u00edticas de G\u00e9nero, Mujeres y Diversidad, con una gran concurrencia de representantes de los diferentes espacios mencionados, con un resultado altamente positivo.<br>Entre los temas tratados, se pudieron discutir ciertas problem\u00e1ticas, tanto de la ciudad como de las localidades, arribando a soluciones posibles tales como:<br>La capacitaci\u00f3n y contenci\u00f3n semanal en las diferentes localidades de parte de la Subsecretar\u00eda de G\u00e9nero, con el apoyo de las organizaciones presentes; el acuerdo para el pronto funcionamiento de los Consultorios Amigables, restando definir el equipo de trabajo, con la colaboraci\u00f3n del director de Atenci\u00f3n Primaria de la Salud, el Dr. Gabriel Sayago, quien inmediatamente se comprometi\u00f3 a dar respuesta al pedido; el trabajo en conjunto de la CMYF (Comisaria de la Mujer) y el Servicio Distrital de Educaci\u00f3n para comenzar las capacitaciones escolares sobre diferentes temas a abordar, vinculados a violencia y abuso; organizaci\u00f3n de talleres con perspectiva de g\u00e9nero para el personal de salud, atendiendo a la importancia del cumplimiento de la Ley Micaela; organizaci\u00f3n previa del recursero local; coordinaci\u00f3n de acciones con el CAJ (Centro de Acceso a la Justicia), hall\u00e1ndose presente la doctora Guadalupe Fraga; y con el Patronato del Liberado (con la Lic. Jimena Rotundo en representaci\u00f3n). Tambi\u00e9n se articularon acciones con la Guardia del Hospital Local y el Hospital de Gdor. Castro, ambos representados en el encuentro.<\/p>\n\n\n\n<p>Se trataron otros temas que se profundizar\u00e1n en una reuni\u00f3n extraordinaria, confirmando fecha la pr\u00f3xima semana. El resultado de esta \u00faltima reuni\u00f3n fue altamente positivo, y se agradece la presencia de quienes participaron. Reiteramos la convocatoria a quienes no pudieron estar para la pr\u00f3xima reuni\u00f3n ordinaria a realizarse el d\u00eda 4 del mes de noviembre.<\/p>\n\n\n\n<p>Por \u00faltimo recordamos que las v\u00edas de contacto de la Mesa est\u00e1n abiertas a la comunidad en general, por dudas o asesoramiento: comunicarse al 3329 629453 o al mail de la misma <a href=\"mailto:mesapvvg@sanpedro.gob.ar\">mesapvvg@sanpedro.gob.ar<\/a>, o al Facebook (Mesa Local de Prevenci\u00f3n y Atenci\u00f3n de violencia de G\u00e9nero San Pedro).<\/p>\n\n\n\n<figure class=\"wp-block-image size-large\"><img decoding=\"async\" width=\"1024\" height=\"768\" data-attachment-id=\"100094\" data-permalink=\"https:\/\/eldiariodesanpedro.com.ar\/sitio\/reunion-mensual-de-la-mesa-local-de-prevencion-y-atencion-de-violencia-de-genero-y-familiar-de-la-ciudad-de-san-pedro\/whatsapp-image-2021-10-12-at-09-19-24-1\/\" data-orig-file=\"https:\/\/eldiariodesanpedro.com.ar\/sitio\/wp-content\/uploads\/2021\/10\/WhatsApp-Image-2021-10-12-at-09.19.24-1.jpeg\" data-orig-size=\"1280,960\" data-comments-opened=\"0\" data-image-meta=\"{&quot;aperture&quot;:&quot;0&quot;,&quot;credit&quot;:&quot;&quot;,&quot;camera&quot;:&quot;&quot;,&quot;caption&quot;:&quot;&quot;,&quot;created_timestamp&quot;:&quot;0&quot;,&quot;copyright&quot;:&quot;&quot;,&quot;focal_length&quot;:&quot;0&quot;,&quot;iso&quot;:&quot;0&quot;,&quot;shutter_speed&quot;:&quot;0&quot;,&quot;title&quot;:&quot;&quot;,&quot;orientation&quot;:&quot;0&quot;}\" data-image-title=\"WhatsApp Image 2021-10-12 at 09.19.24 (1)\" data-image-description=\"\" data-image-caption=\"\" data-large-file=\"https:\/\/eldiariodesanpedro.com.ar\/sitio\/wp-content\/uploads\/2021\/10\/WhatsApp-Image-2021-10-12-at-09.19.24-1-1024x768.jpeg\" data-src=\"https:\/\/eldiariodesanpedro.com.ar\/sitio\/wp-content\/uploads\/2021\/10\/WhatsApp-Image-2021-10-12-at-09.19.24-1-1024x768.jpeg\" alt=\"\" class=\"wp-image-100094 lazyload\" data-srcset=\"https:\/\/eldiariodesanpedro.com.ar\/sitio\/wp-content\/uploads\/2021\/10\/WhatsApp-Image-2021-10-12-at-09.19.24-1-1024x768.jpeg 1024w, https:\/\/eldiariodesanpedro.com.ar\/sitio\/wp-content\/uploads\/2021\/10\/WhatsApp-Image-2021-10-12-at-09.19.24-1-300x225.jpeg 300w, https:\/\/eldiariodesanpedro.com.ar\/sitio\/wp-content\/uploads\/2021\/10\/WhatsApp-Image-2021-10-12-at-09.19.24-1-768x576.jpeg 768w, https:\/\/eldiariodesanpedro.com.ar\/sitio\/wp-content\/uploads\/2021\/10\/WhatsApp-Image-2021-10-12-at-09.19.24-1-500x375.jpeg 500w, https:\/\/eldiariodesanpedro.com.ar\/sitio\/wp-content\/uploads\/2021\/10\/WhatsApp-Image-2021-10-12-at-09.19.24-1.jpeg 1280w\" data-sizes=\"(max-width: 1024px) 100vw, 1024px\" src=\"data:image\/svg+xml;base64,PHN2ZyB3aWR0aD0iMSIgaGVpZ2h0PSIxIiB4bWxucz0iaHR0cDovL3d3dy53My5vcmcvMjAwMC9zdmciPjwvc3ZnPg==\" style=\"--smush-placeholder-width: 1024px; --smush-placeholder-aspect-ratio: 1024\/768;\" \/><\/figure>\n\n\n\n<figure class=\"wp-block-image size-large\"><img decoding=\"async\" width=\"1024\" height=\"768\" data-attachment-id=\"100093\" data-permalink=\"https:\/\/eldiariodesanpedro.com.ar\/sitio\/reunion-mensual-de-la-mesa-local-de-prevencion-y-atencion-de-violencia-de-genero-y-familiar-de-la-ciudad-de-san-pedro\/whatsapp-image-2021-10-12-at-09-19-22\/\" data-orig-file=\"https:\/\/eldiariodesanpedro.com.ar\/sitio\/wp-content\/uploads\/2021\/10\/WhatsApp-Image-2021-10-12-at-09.19.22.jpeg\" data-orig-size=\"1280,960\" data-comments-opened=\"0\" data-image-meta=\"{&quot;aperture&quot;:&quot;0&quot;,&quot;credit&quot;:&quot;&quot;,&quot;camera&quot;:&quot;&quot;,&quot;caption&quot;:&quot;&quot;,&quot;created_timestamp&quot;:&quot;0&quot;,&quot;copyright&quot;:&quot;&quot;,&quot;focal_length&quot;:&quot;0&quot;,&quot;iso&quot;:&quot;0&quot;,&quot;shutter_speed&quot;:&quot;0&quot;,&quot;title&quot;:&quot;&quot;,&quot;orientation&quot;:&quot;0&quot;}\" data-image-title=\"WhatsApp Image 2021-10-12 at 09.19.22\" data-image-description=\"\" data-image-caption=\"\" data-large-file=\"https:\/\/eldiariodesanpedro.com.ar\/sitio\/wp-content\/uploads\/2021\/10\/WhatsApp-Image-2021-10-12-at-09.19.22-1024x768.jpeg\" data-src=\"https:\/\/eldiariodesanpedro.com.ar\/sitio\/wp-content\/uploads\/2021\/10\/WhatsApp-Image-2021-10-12-at-09.19.22-1024x768.jpeg\" alt=\"\" class=\"wp-image-100093 lazyload\" data-srcset=\"https:\/\/eldiariodesanpedro.com.ar\/sitio\/wp-content\/uploads\/2021\/10\/WhatsApp-Image-2021-10-12-at-09.19.22-1024x768.jpeg 1024w, https:\/\/eldiariodesanpedro.com.ar\/sitio\/wp-content\/uploads\/2021\/10\/WhatsApp-Image-2021-10-12-at-09.19.22-300x225.jpeg 300w, https:\/\/eldiariodesanpedro.com.ar\/sitio\/wp-content\/uploads\/2021\/10\/WhatsApp-Image-2021-10-12-at-09.19.22-768x576.jpeg 768w, https:\/\/eldiariodesanpedro.com.ar\/sitio\/wp-content\/uploads\/2021\/10\/WhatsApp-Image-2021-10-12-at-09.19.22-500x375.jpeg 500w, https:\/\/eldiariodesanpedro.com.ar\/sitio\/wp-content\/uploads\/2021\/10\/WhatsApp-Image-2021-10-12-at-09.19.22.jpeg 1280w\" data-sizes=\"(max-width: 1024px) 100vw, 1024px\" src=\"data:image\/svg+xml;base64,PHN2ZyB3aWR0aD0iMSIgaGVpZ2h0PSIxIiB4bWxucz0iaHR0cDovL3d3dy53My5vcmcvMjAwMC9zdmciPjwvc3ZnPg==\" style=\"--smush-placeholder-width: 1024px; --smush-placeholder-aspect-ratio: 1024\/768;\" \/><\/figure>\n","protected":false},"excerpt":{"rendered":"<p>Se llev\u00f3 a cabo la reuni\u00f3n mensual de la Mesa Local de Prevenci\u00f3n y Atenci\u00f3n de violencia de G\u00e9nero y Familiar de la ciudad de San Pedro el pasado jueves 07 de octubre a las 19 horas. La misma se realiza los primeros jueves de cada mes, teniendo como fin elaborar pol\u00edticas en conjunto para [&hellip;]<\/p>\n","protected":false},"author":4,"featured_media":100095,"comment_status":"closed","ping_status":"closed","sticky":false,"template":"","format":"standard","meta":{"om_disable_all_campaigns":false,"_jetpack_memberships_contains_paid_content":false,"footnotes":""},"categories":[50,101,2],"tags":[197,696,33,2461,19],"class_list":["post-100092","post","type-post","status-publish","format-standard","has-post-thumbnail","hentry","category-destacadas","category-interes-general-locales","category-locales","tag-buenos-aires","tag-interes-general","tag-locales","tag-mesa-local-de-prevencion-y-atencion-de-violencia-de-genero-y-familiar","tag-san-pedro"],"aioseo_notices":[],"gutentor_comment":0,"jetpack_featured_media_url":"https:\/\/eldiariodesanpedro.com.ar\/sitio\/wp-content\/uploads\/2021\/10\/WhatsApp-Image-2021-10-12-at-09.19.24.jpeg","jetpack_shortlink":"https:\/\/wp.me\/p6RhLt-q2o","jetpack_sharing_enabled":true,"_links":{"self":[{"href":"https:\/\/eldiariodesanpedro.com.ar\/sitio\/wp-json\/wp\/v2\/posts\/100092","targetHints":{"allow":["GET"]}}],"collection":[{"href":"https:\/\/eldiariodesanpedro.com.ar\/sitio\/wp-json\/wp\/v2\/posts"}],"about":[{"href":"https:\/\/eldiariodesanpedro.com.ar\/sitio\/wp-json\/wp\/v2\/types\/post"}],"author":[{"embeddable":true,"href":"https:\/\/eldiariodesanpedro.com.ar\/sitio\/wp-json\/wp\/v2\/users\/4"}],"replies":[{"embeddable":true,"href":"https:\/\/eldiariodesanpedro.com.ar\/sitio\/wp-json\/wp\/v2\/comments?post=100092"}],"version-history":[{"count":2,"href":"https:\/\/eldiariodesanpedro.com.ar\/sitio\/wp-json\/wp\/v2\/posts\/100092\/revisions"}],"predecessor-version":[{"id":100097,"href":"https:\/\/eldiariodesanpedro.com.ar\/sitio\/wp-json\/wp\/v2\/posts\/100092\/revisions\/100097"}],"wp:featuredmedia":[{"embeddable":true,"href":"https:\/\/eldiariodesanpedro.com.ar\/sitio\/wp-json\/wp\/v2\/media\/100095"}],"wp:attachment":[{"href":"https:\/\/eldiariodesanpedro.com.ar\/sitio\/wp-json\/wp\/v2\/media?parent=100092"}],"wp:term":[{"taxonomy":"category","embeddable":true,"href":"https:\/\/eldiariodesanpedro.com.ar\/sitio\/wp-json\/wp\/v2\/categories?post=100092"},{"taxonomy":"post_tag","embeddable":true,"href":"https:\/\/eldiariodesanpedro.com.ar\/sitio\/wp-json\/wp\/v2\/tags?post=100092"}],"curies":[{"name":"wp","href":"https:\/\/api.w.org\/{rel}","templated":true}]}}