{"id":100082,"date":"2021-10-12T19:50:10","date_gmt":"2021-10-12T22:50:10","guid":{"rendered":"https:\/\/eldiariodesanpedro.com.ar\/sitio\/?p=100082"},"modified":"2021-10-12T19:50:14","modified_gmt":"2021-10-12T22:50:14","slug":"continua-este-miercoles-el-operativo-movil-de-documentacion-en-san-pedro","status":"publish","type":"post","link":"https:\/\/eldiariodesanpedro.com.ar\/sitio\/continua-este-miercoles-el-operativo-movil-de-documentacion-en-san-pedro\/","title":{"rendered":"Continua este miercoles el operativo M\u00f3vil de documentaci\u00f3n en San Pedro"},"content":{"rendered":"<!-- VideographyWP Plugin Message: Automatic video embedding prevented by plugin options. -->\n\n<p>Esta semana llega a San Pedro un nuevo operativo m\u00f3vil del Registro Nacional de las Personas (RENAPER), permitiendo el acceso de manera directa y \u00e1gil a los tr\u00e1mites de DNI y Pasaportes a los vecinos y vecinas de nuestra ciudad.<\/p>\n\n\n\n<p>El operativo funcionar\u00e1 los d\u00edas martes 12 y mi\u00e9rcoles 13 en el Centro Integrador Comunitario situado en la intersecci\u00f3n de las calles Casella y Hermano Indio, el jueves 14 en el Puerto San Pedro (Ruta Provincial N\u00b0 191 Km 0) y el viernes 15 de octubre en la Delegaci\u00f3n Municipal de Santa Luc\u00eda. Durante todas las jornadas, el horario de atenci\u00f3n ser\u00e1 de 9.00 a 17.00 horas.<\/p>\n\n\n\n<p>El costo para realizar el DNI es de $300 y el de los Pasaportes $1500, los turnos ser\u00e1n otorgados por orden de llegada y se podr\u00e1n retirar a los 20 d\u00edas aproximadamente.<\/p>\n","protected":false},"excerpt":{"rendered":"<p>Esta semana llega a San Pedro un nuevo operativo m\u00f3vil del Registro Nacional de las Personas (RENAPER), permitiendo el acceso de manera directa y \u00e1gil a los tr\u00e1mites de DNI y Pasaportes a los vecinos y vecinas de nuestra ciudad. El operativo funcionar\u00e1 los d\u00edas martes 12 y mi\u00e9rcoles 13 en el Centro Integrador Comunitario [&hellip;]<\/p>\n","protected":false},"author":4,"featured_media":100083,"comment_status":"closed","ping_status":"closed","sticky":false,"template":"","format":"standard","meta":{"om_disable_all_campaigns":false,"_jetpack_memberships_contains_paid_content":false,"footnotes":""},"categories":[50,101,2],"tags":[197,696,33,2460,19],"class_list":["post-100082","post","type-post","status-publish","format-standard","has-post-thumbnail","hentry","category-destacadas","category-interes-general-locales","category-locales","tag-buenos-aires","tag-interes-general","tag-locales","tag-renapre","tag-san-pedro"],"aioseo_notices":[],"gutentor_comment":0,"jetpack_featured_media_url":"https:\/\/eldiariodesanpedro.com.ar\/sitio\/wp-content\/uploads\/2021\/10\/DNI-1.jpg","jetpack_shortlink":"https:\/\/wp.me\/p6RhLt-q2e","jetpack_sharing_enabled":true,"_links":{"self":[{"href":"https:\/\/eldiariodesanpedro.com.ar\/sitio\/wp-json\/wp\/v2\/posts\/100082","targetHints":{"allow":["GET"]}}],"collection":[{"href":"https:\/\/eldiariodesanpedro.com.ar\/sitio\/wp-json\/wp\/v2\/posts"}],"about":[{"href":"https:\/\/eldiariodesanpedro.com.ar\/sitio\/wp-json\/wp\/v2\/types\/post"}],"author":[{"embeddable":true,"href":"https:\/\/eldiariodesanpedro.com.ar\/sitio\/wp-json\/wp\/v2\/users\/4"}],"replies":[{"embeddable":true,"href":"https:\/\/eldiariodesanpedro.com.ar\/sitio\/wp-json\/wp\/v2\/comments?post=100082"}],"version-history":[{"count":1,"href":"https:\/\/eldiariodesanpedro.com.ar\/sitio\/wp-json\/wp\/v2\/posts\/100082\/revisions"}],"predecessor-version":[{"id":100084,"href":"https:\/\/eldiariodesanpedro.com.ar\/sitio\/wp-json\/wp\/v2\/posts\/100082\/revisions\/100084"}],"wp:featuredmedia":[{"embeddable":true,"href":"https:\/\/eldiariodesanpedro.com.ar\/sitio\/wp-json\/wp\/v2\/media\/100083"}],"wp:attachment":[{"href":"https:\/\/eldiariodesanpedro.com.ar\/sitio\/wp-json\/wp\/v2\/media?parent=100082"}],"wp:term":[{"taxonomy":"category","embeddable":true,"href":"https:\/\/eldiariodesanpedro.com.ar\/sitio\/wp-json\/wp\/v2\/categories?post=100082"},{"taxonomy":"post_tag","embeddable":true,"href":"https:\/\/eldiariodesanpedro.com.ar\/sitio\/wp-json\/wp\/v2\/tags?post=100082"}],"curies":[{"name":"wp","href":"https:\/\/api.w.org\/{rel}","templated":true}]}}