{"id":100066,"date":"2021-10-07T15:37:58","date_gmt":"2021-10-07T18:37:58","guid":{"rendered":"https:\/\/eldiariodesanpedro.com.ar\/sitio\/?p=100066"},"modified":"2021-10-07T15:38:02","modified_gmt":"2021-10-07T18:38:02","slug":"pocas-heladas-tardias-y-requerimientos-necesarios-para-durazneros","status":"publish","type":"post","link":"https:\/\/eldiariodesanpedro.com.ar\/sitio\/pocas-heladas-tardias-y-requerimientos-necesarios-para-durazneros\/","title":{"rendered":"Pocas heladas tard\u00edas y requerimientos necesarios para durazneros"},"content":{"rendered":"<!-- VideographyWP Plugin Message: Automatic video embedding prevented by plugin options. -->\n\n<p>Los servicios se realizaron durante tres noches seguidas desde el 9 de agosto, registr\u00e1ndose la madrugada del 10 una m\u00ednima de -2.1 \u00b0C a las 7:40 hs con 4:40 hs bajo cero, y la ma\u00f1ana siguiente a las 6:20 hs una m\u00ednima -2.0 \u00b0C registrada con 6 hs de temperaturas negativas.&nbsp;<br><br>En otro orden, entre el 01 de mayo y 31 de agosto se registraron 725 horas de fr\u00edo mientras la acumulaci\u00f3n media (per\u00edodo 1965-2020)&nbsp; es 582 y 658 unidades de fr\u00edo cuya media es 803,6.&nbsp;<\/p>\n\n\n\n<p>Al d\u00eda de la fecha se observa carga completa de fruta en gran parte de las variedades de durazneros y nectarinas. Sin problemas originados por heladas y una acumulaci\u00f3n de fr\u00edo invernal que ha sido capaz de cubrir adecuadamente los requerimientos de la mayor\u00eda de los cultivares plantados en la regi\u00f3n, ha resultado en una buena floraci\u00f3n seguida de un cuaje abundante.<\/p>\n\n\n\n<p>Ahora resta esperar que acompa\u00f1e el clima hasta la cosecha con agua suficiente y pocos eventos meteorol\u00f3gicos extremos.<\/p>\n","protected":false},"excerpt":{"rendered":"<p>Los servicios se realizaron durante tres noches seguidas desde el 9 de agosto, registr\u00e1ndose la madrugada del 10 una m\u00ednima de -2.1 \u00b0C a las 7:40 hs con 4:40 hs bajo cero, y la ma\u00f1ana siguiente a las 6:20 hs una m\u00ednima -2.0 \u00b0C registrada con 6 hs de temperaturas negativas.&nbsp; En otro orden, entre [&hellip;]<\/p>\n","protected":false},"author":4,"featured_media":100069,"comment_status":"closed","ping_status":"closed","sticky":false,"template":"","format":"standard","meta":{"om_disable_all_campaigns":false,"_jetpack_memberships_contains_paid_content":false,"footnotes":""},"categories":[50,101,2],"tags":[197,696,33,19],"class_list":["post-100066","post","type-post","status-publish","format-standard","has-post-thumbnail","hentry","category-destacadas","category-interes-general-locales","category-locales","tag-buenos-aires","tag-interes-general","tag-locales","tag-san-pedro"],"aioseo_notices":[],"gutentor_comment":0,"jetpack_featured_media_url":"https:\/\/eldiariodesanpedro.com.ar\/sitio\/wp-content\/uploads\/2021\/10\/unnamed.jpg","jetpack_shortlink":"https:\/\/wp.me\/p6RhLt-q1Y","jetpack_sharing_enabled":true,"_links":{"self":[{"href":"https:\/\/eldiariodesanpedro.com.ar\/sitio\/wp-json\/wp\/v2\/posts\/100066","targetHints":{"allow":["GET"]}}],"collection":[{"href":"https:\/\/eldiariodesanpedro.com.ar\/sitio\/wp-json\/wp\/v2\/posts"}],"about":[{"href":"https:\/\/eldiariodesanpedro.com.ar\/sitio\/wp-json\/wp\/v2\/types\/post"}],"author":[{"embeddable":true,"href":"https:\/\/eldiariodesanpedro.com.ar\/sitio\/wp-json\/wp\/v2\/users\/4"}],"replies":[{"embeddable":true,"href":"https:\/\/eldiariodesanpedro.com.ar\/sitio\/wp-json\/wp\/v2\/comments?post=100066"}],"version-history":[{"count":2,"href":"https:\/\/eldiariodesanpedro.com.ar\/sitio\/wp-json\/wp\/v2\/posts\/100066\/revisions"}],"predecessor-version":[{"id":100072,"href":"https:\/\/eldiariodesanpedro.com.ar\/sitio\/wp-json\/wp\/v2\/posts\/100066\/revisions\/100072"}],"wp:featuredmedia":[{"embeddable":true,"href":"https:\/\/eldiariodesanpedro.com.ar\/sitio\/wp-json\/wp\/v2\/media\/100069"}],"wp:attachment":[{"href":"https:\/\/eldiariodesanpedro.com.ar\/sitio\/wp-json\/wp\/v2\/media?parent=100066"}],"wp:term":[{"taxonomy":"category","embeddable":true,"href":"https:\/\/eldiariodesanpedro.com.ar\/sitio\/wp-json\/wp\/v2\/categories?post=100066"},{"taxonomy":"post_tag","embeddable":true,"href":"https:\/\/eldiariodesanpedro.com.ar\/sitio\/wp-json\/wp\/v2\/tags?post=100066"}],"curies":[{"name":"wp","href":"https:\/\/api.w.org\/{rel}","templated":true}]}}