{"id":100065,"date":"2021-10-07T10:08:23","date_gmt":"2021-10-07T13:08:23","guid":{"rendered":"https:\/\/eldiariodesanpedro.com.ar\/sitio\/?p=100065"},"modified":"2021-10-07T10:08:27","modified_gmt":"2021-10-07T13:08:27","slug":"con-la-actuacion-de-eugenia-quevedo-y-los-manseros-santiaguenos-vuelve-la-fiesta-de-las-colectividades","status":"publish","type":"post","link":"https:\/\/eldiariodesanpedro.com.ar\/sitio\/con-la-actuacion-de-eugenia-quevedo-y-los-manseros-santiaguenos-vuelve-la-fiesta-de-las-colectividades\/","title":{"rendered":"Con la actuaci\u00f3n de Eugenia Quevedo y Los Manseros Santiague\u00f1os vuelve la fiesta de las colectividades"},"content":{"rendered":"<!-- VideographyWP Plugin Message: Automatic video embedding prevented by plugin options. -->\n\n<p>Vuelven las Fiestas de las Colectividades a San Pedro despu\u00e9s de la pandemia, y as\u00ed lo anuncio la Secretar\u00eda de Turismo y Cultura en una conferencia de prensa encabezada por Marcela Cu\u00f1er.<\/p>\n\n\n\n<p>Luego del impasse obligatorio causado por la Pandemia, uno de los eventos m\u00e1s esperados por los sampedrinos vuelve este 2021 con los Manceros Santiague\u00f1os y Eugenia Quevedo como los artistas principales de la fiesta. Y a comparaci\u00f3n de ediciones anteriores, este a\u00f1o se espera con alegr\u00eda la vuelta de las actividades culturales y tur\u00edsticas en nuestra ciudad, que adem\u00e1s presentan gran importancia econ\u00f3mica. Por esta raz\u00f3n, en la ma\u00f1ana de este mi\u00e9rcoles la Secretaria de Turismo y Cultura junto con representantes de las colectividades venezolanas, italianas, alemanas, espa\u00f1olas, mallorquinas y en representaci\u00f3n local el rinc\u00f3n de los gauchos, hicieron oficial la pr\u00f3xima edici\u00f3n de las Fiestas de las Colectividades, que se desarrollara en el Paseo P\u00fablico de nuestra ciudad, los d\u00edas S\u00e1bado 9, Domingo 10 y Lunes 11 de Octubre, en el cual tambi\u00e9n habr\u00e1 diversidades de espect\u00e1culos art\u00edsticos.<\/p>\n\n\n\n<p>En la misma conferencia de prensa, se anunci\u00f3 que en la ma\u00f1ana del S\u00e1bado 9 a partir de las 11.30hs tendr\u00e1 lugar la inauguraci\u00f3n de las escaleras de las flores, el cual contara con la presencia de todos aquellos que tuvieron participaci\u00f3n alguna en el desarrollo de esta obra.<\/p>\n\n\n\n<p>A continuaci\u00f3n la grilla de las actividades presentes en \u201cLa Fiestas de las Colectividades\u201d:<\/p>\n\n\n\n<p><strong><u>Grilla s\u00e1bado 9:<\/u><\/strong> <br>14.00 hs. Coro Farabollini <br>14.30 hs. Artistas escalera de las flores <br>14.45 hs. Igaraba Taldea (Grupo de danzas Vascas de San Nicol\u00e1s) <br>15.15 hs. Pialando Recuerdos (Carlos Gonz\u00e1les) <br>15.30 hs. Fent polseguera (Agrupaci\u00f3n Mallorca) <br>16.00 hs. Presentaci\u00f3n de las colectividades <br>16.20 hs. Leo Vell\u00f3n <br>17.00 hs. Joaqu\u00edn Churruar\u00edn <br>17.30 hs. Mart\u00edn Franchini <br>18.00 hs. El Fog\u00f3n (Santa Luc\u00eda) <br>18.30 hs. Luis Rodr\u00edguez <br>19.00 hs. Ang\u00e9lica Soka (Danza \u00c1rabe) <br>19.30 hs. Daniel Cabrera <br>20.00 hs. Roc\u00edo del Cielo (Cantante de m\u00fasica espa\u00f1ola) <br>20.30 hs. Yacar\u00e9 Manso (M\u00fasica Litorale\u00f1a) <br>21.20 hs. Los Manseros Santiague\u00f1os de Leocadio Torres<\/p>\n\n\n\n<p><strong><u>Grilla domingo 10:<\/u><\/strong> <br>14.00 hs. Vera Klein (Grupo de canto en Portugu\u00e9s, conservatorio de m\u00fasica)  <br>14.30 hs. Daniel Toledo (Venezuela) <br>15.00 hs. Dantzaris (Grupo de danzas Vascas de Arrecifes) <br>15.20 hs. Susana Mirry Pasi\u00f3n por el tango <br>15.40 hs. Grupo de baile Los de Salta (Eugenia Capre) <br>16.00 hs. Fusi\u00f3n (Banda tributo de rock nacional) <br>16.30 hs. Petitons mallorquines <br>17.00 hs. Presentaci\u00f3n de colectividades <br>17.20 hs. Roberto Benvenuto (Solista tropical) <br>17.50 hs. L\u00b4Siculi Casa Familia Siciliana <br>18.20 hs. Sol Altolaguirre <br>18.50 hs. L\u00b4Siculi Asociaci\u00f3n Casa Familia Siciliana <br>19.10 hs. Manat de Jazm\u00edn Ortiz (Escuela de Danzas \u00c1rabes de Gobernador Castro) <br>19.30 hs. Lara Iglesias (Pop Ac\u00fastico) <br>20.00 hs. Mali \u2013 v\u00fa <br>20.30 hs. Banda Revoluci\u00f3n <br>21.00 hs. Eugena Quevedo (Cumbia Santafesina)<\/p>\n","protected":false},"excerpt":{"rendered":"<p>Vuelven las Fiestas de las Colectividades a San Pedro despu\u00e9s de la pandemia, y as\u00ed lo anuncio la Secretar\u00eda de Turismo y Cultura en una conferencia de prensa encabezada por Marcela Cu\u00f1er. Luego del impasse obligatorio causado por la Pandemia, uno de los eventos m\u00e1s esperados por los sampedrinos vuelve este 2021 con los Manceros [&hellip;]<\/p>\n","protected":false},"author":4,"featured_media":100067,"comment_status":"closed","ping_status":"closed","sticky":false,"template":"","format":"standard","meta":{"om_disable_all_campaigns":false,"_jetpack_memberships_contains_paid_content":false,"footnotes":""},"categories":[2],"tags":[197,696,33,19],"class_list":["post-100065","post","type-post","status-publish","format-standard","has-post-thumbnail","hentry","category-locales","tag-buenos-aires","tag-interes-general","tag-locales","tag-san-pedro"],"aioseo_notices":[],"gutentor_comment":0,"jetpack_featured_media_url":"https:\/\/eldiariodesanpedro.com.ar\/sitio\/wp-content\/uploads\/2021\/10\/0000020387-resized-1920x1080-1.jpg","jetpack_shortlink":"https:\/\/wp.me\/p6RhLt-q1X","jetpack_sharing_enabled":true,"_links":{"self":[{"href":"https:\/\/eldiariodesanpedro.com.ar\/sitio\/wp-json\/wp\/v2\/posts\/100065","targetHints":{"allow":["GET"]}}],"collection":[{"href":"https:\/\/eldiariodesanpedro.com.ar\/sitio\/wp-json\/wp\/v2\/posts"}],"about":[{"href":"https:\/\/eldiariodesanpedro.com.ar\/sitio\/wp-json\/wp\/v2\/types\/post"}],"author":[{"embeddable":true,"href":"https:\/\/eldiariodesanpedro.com.ar\/sitio\/wp-json\/wp\/v2\/users\/4"}],"replies":[{"embeddable":true,"href":"https:\/\/eldiariodesanpedro.com.ar\/sitio\/wp-json\/wp\/v2\/comments?post=100065"}],"version-history":[{"count":1,"href":"https:\/\/eldiariodesanpedro.com.ar\/sitio\/wp-json\/wp\/v2\/posts\/100065\/revisions"}],"predecessor-version":[{"id":100068,"href":"https:\/\/eldiariodesanpedro.com.ar\/sitio\/wp-json\/wp\/v2\/posts\/100065\/revisions\/100068"}],"wp:featuredmedia":[{"embeddable":true,"href":"https:\/\/eldiariodesanpedro.com.ar\/sitio\/wp-json\/wp\/v2\/media\/100067"}],"wp:attachment":[{"href":"https:\/\/eldiariodesanpedro.com.ar\/sitio\/wp-json\/wp\/v2\/media?parent=100065"}],"wp:term":[{"taxonomy":"category","embeddable":true,"href":"https:\/\/eldiariodesanpedro.com.ar\/sitio\/wp-json\/wp\/v2\/categories?post=100065"},{"taxonomy":"post_tag","embeddable":true,"href":"https:\/\/eldiariodesanpedro.com.ar\/sitio\/wp-json\/wp\/v2\/tags?post=100065"}],"curies":[{"name":"wp","href":"https:\/\/api.w.org\/{rel}","templated":true}]}}