{"id":100060,"date":"2021-10-07T09:44:07","date_gmt":"2021-10-07T12:44:07","guid":{"rendered":"https:\/\/eldiariodesanpedro.com.ar\/sitio\/?p=100060"},"modified":"2021-10-07T09:44:11","modified_gmt":"2021-10-07T12:44:11","slug":"violento-accidente-de-sobre-la-ruta-1001","status":"publish","type":"post","link":"https:\/\/eldiariodesanpedro.com.ar\/sitio\/violento-accidente-de-sobre-la-ruta-1001\/","title":{"rendered":"Violento accidente de sobre la Ruta 1001"},"content":{"rendered":"<!-- VideographyWP Plugin Message: Automatic video embedding prevented by plugin options. -->\n\n<p>Tres veh\u00edculos se vieron involucrados en el choque que se produjo cerca de las 18 horas. Cuatro personas debieron ser trasladadas a la guardia del hospital local.<\/p>\n\n\n\n<p>Cuatro personas resultaron heridas al participar de un siniestro vial que se produjo en la tarde del mi\u00e9rcoles sobre la Ruta 1001 y Jos\u00e9 Hern\u00e1ndez.<\/p>\n\n\n\n<p>Uno de los veh\u00edculo involucrados, un Peugeot 206 color rojo, en el que viajaban dos hombre de 40 a\u00f1os, se cruz\u00f3 de mano provocando que una camioneta Honda conducida por una mujer de 31 a\u00f1os que viajaba de frente debiera esquivarlo pero otro rodado, un auto Fiat Punto, en el que se trasladaban un hombre de 53 a\u00f1os y su hijo de 12, terminaran impactando en forma frontal contra el Peugeot.<\/p>\n\n\n\n<p>Los ocupantes de ambos autos debieron ser asistidos y trasladados a la guardia del Hospital local debido a los golpes que hab\u00edan sufrido, principalmente las dos personas que iban en el auto que se cruz\u00f3 de mano ya que sufrieron traumatismo de cr\u00e1neo al dar sus cabezas contra el parabrisas.<\/p>\n\n\n\n<p>Fuente: San Pedro Informa<\/p>\n","protected":false},"excerpt":{"rendered":"<p>Tres veh\u00edculos se vieron involucrados en el choque que se produjo cerca de las 18 horas. Cuatro personas debieron ser trasladadas a la guardia del hospital local. Cuatro personas resultaron heridas al participar de un siniestro vial que se produjo en la tarde del mi\u00e9rcoles sobre la Ruta 1001 y Jos\u00e9 Hern\u00e1ndez. Uno de los [&hellip;]<\/p>\n","protected":false},"author":4,"featured_media":100061,"comment_status":"closed","ping_status":"closed","sticky":false,"template":"","format":"standard","meta":{"om_disable_all_campaigns":false,"_jetpack_memberships_contains_paid_content":false,"footnotes":""},"categories":[50,2,103],"tags":[197,696,33,95,19,2456],"class_list":["post-100060","post","type-post","status-publish","format-standard","has-post-thumbnail","hentry","category-destacadas","category-locales","category-policiales-locales","tag-buenos-aires","tag-interes-general","tag-locales","tag-policiales","tag-san-pedro","tag-violento-accidente-de-sobre-la-ruta-1001"],"aioseo_notices":[],"gutentor_comment":0,"jetpack_featured_media_url":"https:\/\/eldiariodesanpedro.com.ar\/sitio\/wp-content\/uploads\/2021\/10\/0000020388-resized-1920x1080-1.jpeg","jetpack_shortlink":"https:\/\/wp.me\/p6RhLt-q1S","jetpack_sharing_enabled":true,"_links":{"self":[{"href":"https:\/\/eldiariodesanpedro.com.ar\/sitio\/wp-json\/wp\/v2\/posts\/100060","targetHints":{"allow":["GET"]}}],"collection":[{"href":"https:\/\/eldiariodesanpedro.com.ar\/sitio\/wp-json\/wp\/v2\/posts"}],"about":[{"href":"https:\/\/eldiariodesanpedro.com.ar\/sitio\/wp-json\/wp\/v2\/types\/post"}],"author":[{"embeddable":true,"href":"https:\/\/eldiariodesanpedro.com.ar\/sitio\/wp-json\/wp\/v2\/users\/4"}],"replies":[{"embeddable":true,"href":"https:\/\/eldiariodesanpedro.com.ar\/sitio\/wp-json\/wp\/v2\/comments?post=100060"}],"version-history":[{"count":1,"href":"https:\/\/eldiariodesanpedro.com.ar\/sitio\/wp-json\/wp\/v2\/posts\/100060\/revisions"}],"predecessor-version":[{"id":100062,"href":"https:\/\/eldiariodesanpedro.com.ar\/sitio\/wp-json\/wp\/v2\/posts\/100060\/revisions\/100062"}],"wp:featuredmedia":[{"embeddable":true,"href":"https:\/\/eldiariodesanpedro.com.ar\/sitio\/wp-json\/wp\/v2\/media\/100061"}],"wp:attachment":[{"href":"https:\/\/eldiariodesanpedro.com.ar\/sitio\/wp-json\/wp\/v2\/media?parent=100060"}],"wp:term":[{"taxonomy":"category","embeddable":true,"href":"https:\/\/eldiariodesanpedro.com.ar\/sitio\/wp-json\/wp\/v2\/categories?post=100060"},{"taxonomy":"post_tag","embeddable":true,"href":"https:\/\/eldiariodesanpedro.com.ar\/sitio\/wp-json\/wp\/v2\/tags?post=100060"}],"curies":[{"name":"wp","href":"https:\/\/api.w.org\/{rel}","templated":true}]}}