{"id":100058,"date":"2021-10-07T09:36:27","date_gmt":"2021-10-07T12:36:27","guid":{"rendered":"https:\/\/eldiariodesanpedro.com.ar\/sitio\/?p=100058"},"modified":"2021-10-07T09:36:31","modified_gmt":"2021-10-07T12:36:31","slug":"hoy-operativos-de-vacunacion-en-el-centro-de-salud-de-bajo-cementerio","status":"publish","type":"post","link":"https:\/\/eldiariodesanpedro.com.ar\/sitio\/hoy-operativos-de-vacunacion-en-el-centro-de-salud-de-bajo-cementerio\/","title":{"rendered":"Hoy operativos de vacunaci\u00f3n en el centro de salud de Bajo Cementerio"},"content":{"rendered":"<!-- VideographyWP Plugin Message: Automatic video embedding prevented by plugin options. -->\n\n<p>La Secretar\u00eda de Salud de la Municipalidad de San Pedro recuerda que el d\u00eda de hoy se cumplir\u00e1 con una nueva Jornada de Vacunaci\u00f3n y Controles coordinada desde Direcci\u00f3n de Atenci\u00f3n Primaria de la Salud (APS), el Plan Vacunate y Cruz Roja.<\/p>\n\n\n\n<p>Entre las 10 y las 13, se instalar\u00e1 un puesto en Bajo Cementerio (poste 14) para la detecci\u00f3n de vecinos no inscriptos que puedan recibir la primera dosis de la vacuna contra el Covid-19 y la actualizaci\u00f3n de la libreta de vacunaci\u00f3n.<\/p>\n\n\n\n<p>Estas acciones que ya se han cumplimentado con excelentes resultados en otros puntos de la ciudad, continuar\u00e1n de acuerdo a una planificaci\u00f3n en la que se trabaja desde el \u00e1rea.<\/p>\n","protected":false},"excerpt":{"rendered":"<p>La Secretar\u00eda de Salud de la Municipalidad de San Pedro recuerda que el d\u00eda de hoy se cumplir\u00e1 con una nueva Jornada de Vacunaci\u00f3n y Controles coordinada desde Direcci\u00f3n de Atenci\u00f3n Primaria de la Salud (APS), el Plan Vacunate y Cruz Roja. Entre las 10 y las 13, se instalar\u00e1 un puesto en Bajo Cementerio [&hellip;]<\/p>\n","protected":false},"author":4,"featured_media":99326,"comment_status":"closed","ping_status":"closed","sticky":false,"template":"","format":"standard","meta":{"om_disable_all_campaigns":false,"_jetpack_memberships_contains_paid_content":false,"footnotes":""},"categories":[50,101,2],"tags":[197,696,33,19],"class_list":["post-100058","post","type-post","status-publish","format-standard","has-post-thumbnail","hentry","category-destacadas","category-interes-general-locales","category-locales","tag-buenos-aires","tag-interes-general","tag-locales","tag-san-pedro"],"aioseo_notices":[],"gutentor_comment":0,"jetpack_featured_media_url":"https:\/\/eldiariodesanpedro.com.ar\/sitio\/wp-content\/uploads\/2021\/09\/WhatsApp-Image-2021-09-21-at-13.52.22.jpeg","jetpack_shortlink":"https:\/\/wp.me\/p6RhLt-q1Q","jetpack_sharing_enabled":true,"_links":{"self":[{"href":"https:\/\/eldiariodesanpedro.com.ar\/sitio\/wp-json\/wp\/v2\/posts\/100058","targetHints":{"allow":["GET"]}}],"collection":[{"href":"https:\/\/eldiariodesanpedro.com.ar\/sitio\/wp-json\/wp\/v2\/posts"}],"about":[{"href":"https:\/\/eldiariodesanpedro.com.ar\/sitio\/wp-json\/wp\/v2\/types\/post"}],"author":[{"embeddable":true,"href":"https:\/\/eldiariodesanpedro.com.ar\/sitio\/wp-json\/wp\/v2\/users\/4"}],"replies":[{"embeddable":true,"href":"https:\/\/eldiariodesanpedro.com.ar\/sitio\/wp-json\/wp\/v2\/comments?post=100058"}],"version-history":[{"count":1,"href":"https:\/\/eldiariodesanpedro.com.ar\/sitio\/wp-json\/wp\/v2\/posts\/100058\/revisions"}],"predecessor-version":[{"id":100059,"href":"https:\/\/eldiariodesanpedro.com.ar\/sitio\/wp-json\/wp\/v2\/posts\/100058\/revisions\/100059"}],"wp:featuredmedia":[{"embeddable":true,"href":"https:\/\/eldiariodesanpedro.com.ar\/sitio\/wp-json\/wp\/v2\/media\/99326"}],"wp:attachment":[{"href":"https:\/\/eldiariodesanpedro.com.ar\/sitio\/wp-json\/wp\/v2\/media?parent=100058"}],"wp:term":[{"taxonomy":"category","embeddable":true,"href":"https:\/\/eldiariodesanpedro.com.ar\/sitio\/wp-json\/wp\/v2\/categories?post=100058"},{"taxonomy":"post_tag","embeddable":true,"href":"https:\/\/eldiariodesanpedro.com.ar\/sitio\/wp-json\/wp\/v2\/tags?post=100058"}],"curies":[{"name":"wp","href":"https:\/\/api.w.org\/{rel}","templated":true}]}}