{"id":100056,"date":"2021-10-07T09:30:51","date_gmt":"2021-10-07T12:30:51","guid":{"rendered":"https:\/\/eldiariodesanpedro.com.ar\/sitio\/?p=100056"},"modified":"2021-10-07T09:30:56","modified_gmt":"2021-10-07T12:30:56","slug":"visita-del-subsecretario-de-promocion-y-proteccion-de-derechos-y-la-directora-provincial-de-promocion-y-restitucion-de-derechos","status":"publish","type":"post","link":"https:\/\/eldiariodesanpedro.com.ar\/sitio\/visita-del-subsecretario-de-promocion-y-proteccion-de-derechos-y-la-directora-provincial-de-promocion-y-restitucion-de-derechos\/","title":{"rendered":"Visita del  Subsecretario de Promoci\u00f3n y Protecci\u00f3n de Derechos y la Directora Provincial de Promoci\u00f3n y Restituci\u00f3n de Derechos"},"content":{"rendered":"<!-- VideographyWP Plugin Message: Automatic video embedding prevented by plugin options. -->\n\n<p>Esta ma\u00f1ana, el Secretario de Gobierno Pablo Vlaeminck recibi\u00f3 junto al Secretario de Desarrollo Humano Walter S\u00e1nchez al Subsecretario de Promoci\u00f3n y Protecci\u00f3n de Derechos Diego Ginestra y a la Directora Provincial de Promoci\u00f3n y Restituci\u00f3n de Derechos Carla Zocco.<\/p>\n\n\n\n<p>La reuni\u00f3n, tuvo como principales puntos de trabajo el fortalecimiento del Sistema de Promoci\u00f3n y Protecci\u00f3n de las infancias y dise\u00f1ar, y planificar pol\u00edticas p\u00fablicas que permitan un pleno goce de derechos a los ni\u00f1os, ni\u00f1as y adolescentes de nuestra ciudad.<\/p>\n\n\n\n<p>Participaron tambi\u00e9n del encuentro el Coordinador del Servicio Local de Promoci\u00f3n y Protecci\u00f3n de Derechos de San Pedro Andr\u00e9s Chiarella, la Coordinadora del Servicio Zonal de San Nicol\u00e1s Lorena Brucellaria, la titular de la UDAI San Pedro Tamara Vlaeminck y dem\u00e1s funcionarios de la cartera provincial dependiente del Ministerio de Desarrollo de la Comunidad.<\/p>\n\n\n\n<p>Luego de dialogar sobre la situaci\u00f3n actual de las ni\u00f1eces e infancias en San Pedro, se acord\u00f3 con los funcionarios provinciales la implementaci\u00f3n de programas que hab\u00edan sido solicitados por el municipio y se estableci\u00f3 que en los pr\u00f3ximos d\u00edas se proceda a la firma del convenio para llevar adelante el Programa Barrios Adentro, con el cual se apuntar\u00e1 a dar respuesta a distintas situaciones de vulnerabilidad en diferentes sectores de nuestro partido.<\/p>\n\n\n\n<p>Para finalizar la visita a la ciudad, las autoridades recorrieron el Hogar Gomendio y visitaron la sede del SLPPD donde dialogaron con los profesionales del \u00e1rea para interiorizarse e intercambiar ideas en pos de lograr mejores herramientas para la intervenci\u00f3n cotidiana.<\/p>\n\n\n\n<figure class=\"wp-block-image size-large\"><img decoding=\"async\" width=\"1024\" height=\"690\" data-attachment-id=\"100053\" data-permalink=\"https:\/\/eldiariodesanpedro.com.ar\/sitio\/el-intendente-y-el-secretario-de-coordinacion-se-reunieron-con-los-dres-creus-y-sayago-para-plantear-nuevas-acciones-de-salud-publica\/whatsapp-image-2021-10-06-at-17-08-01\/\" data-orig-file=\"https:\/\/eldiariodesanpedro.com.ar\/sitio\/wp-content\/uploads\/2021\/10\/WhatsApp-Image-2021-10-06-at-17.08.01.jpeg\" data-orig-size=\"1280,862\" data-comments-opened=\"0\" data-image-meta=\"{&quot;aperture&quot;:&quot;0&quot;,&quot;credit&quot;:&quot;&quot;,&quot;camera&quot;:&quot;&quot;,&quot;caption&quot;:&quot;&quot;,&quot;created_timestamp&quot;:&quot;0&quot;,&quot;copyright&quot;:&quot;&quot;,&quot;focal_length&quot;:&quot;0&quot;,&quot;iso&quot;:&quot;0&quot;,&quot;shutter_speed&quot;:&quot;0&quot;,&quot;title&quot;:&quot;&quot;,&quot;orientation&quot;:&quot;0&quot;}\" data-image-title=\"WhatsApp Image 2021-10-06 at 17.08.01\" data-image-description=\"\" data-image-caption=\"\" data-large-file=\"https:\/\/eldiariodesanpedro.com.ar\/sitio\/wp-content\/uploads\/2021\/10\/WhatsApp-Image-2021-10-06-at-17.08.01-1024x690.jpeg\" data-src=\"https:\/\/eldiariodesanpedro.com.ar\/sitio\/wp-content\/uploads\/2021\/10\/WhatsApp-Image-2021-10-06-at-17.08.01-1024x690.jpeg\" alt=\"\" class=\"wp-image-100053 lazyload\" data-srcset=\"https:\/\/eldiariodesanpedro.com.ar\/sitio\/wp-content\/uploads\/2021\/10\/WhatsApp-Image-2021-10-06-at-17.08.01-1024x690.jpeg 1024w, https:\/\/eldiariodesanpedro.com.ar\/sitio\/wp-content\/uploads\/2021\/10\/WhatsApp-Image-2021-10-06-at-17.08.01-300x202.jpeg 300w, https:\/\/eldiariodesanpedro.com.ar\/sitio\/wp-content\/uploads\/2021\/10\/WhatsApp-Image-2021-10-06-at-17.08.01-768x517.jpeg 768w, https:\/\/eldiariodesanpedro.com.ar\/sitio\/wp-content\/uploads\/2021\/10\/WhatsApp-Image-2021-10-06-at-17.08.01.jpeg 1280w\" data-sizes=\"(max-width: 1024px) 100vw, 1024px\" src=\"data:image\/svg+xml;base64,PHN2ZyB3aWR0aD0iMSIgaGVpZ2h0PSIxIiB4bWxucz0iaHR0cDovL3d3dy53My5vcmcvMjAwMC9zdmciPjwvc3ZnPg==\" style=\"--smush-placeholder-width: 1024px; --smush-placeholder-aspect-ratio: 1024\/690;\" \/><\/figure>\n","protected":false},"excerpt":{"rendered":"<p>Esta ma\u00f1ana, el Secretario de Gobierno Pablo Vlaeminck recibi\u00f3 junto al Secretario de Desarrollo Humano Walter S\u00e1nchez al Subsecretario de Promoci\u00f3n y Protecci\u00f3n de Derechos Diego Ginestra y a la Directora Provincial de Promoci\u00f3n y Restituci\u00f3n de Derechos Carla Zocco. La reuni\u00f3n, tuvo como principales puntos de trabajo el fortalecimiento del Sistema de Promoci\u00f3n y [&hellip;]<\/p>\n","protected":false},"author":4,"featured_media":100049,"comment_status":"closed","ping_status":"closed","sticky":false,"template":"","format":"standard","meta":{"om_disable_all_campaigns":false,"_jetpack_memberships_contains_paid_content":false,"footnotes":""},"categories":[50,101,2],"tags":[197,696,33,19],"class_list":["post-100056","post","type-post","status-publish","format-standard","has-post-thumbnail","hentry","category-destacadas","category-interes-general-locales","category-locales","tag-buenos-aires","tag-interes-general","tag-locales","tag-san-pedro"],"aioseo_notices":[],"gutentor_comment":0,"jetpack_featured_media_url":"https:\/\/eldiariodesanpedro.com.ar\/sitio\/wp-content\/uploads\/2021\/10\/WhatsApp-Image-2021-10-06-at-17.07.56.jpeg","jetpack_shortlink":"https:\/\/wp.me\/p6RhLt-q1O","jetpack_sharing_enabled":true,"_links":{"self":[{"href":"https:\/\/eldiariodesanpedro.com.ar\/sitio\/wp-json\/wp\/v2\/posts\/100056","targetHints":{"allow":["GET"]}}],"collection":[{"href":"https:\/\/eldiariodesanpedro.com.ar\/sitio\/wp-json\/wp\/v2\/posts"}],"about":[{"href":"https:\/\/eldiariodesanpedro.com.ar\/sitio\/wp-json\/wp\/v2\/types\/post"}],"author":[{"embeddable":true,"href":"https:\/\/eldiariodesanpedro.com.ar\/sitio\/wp-json\/wp\/v2\/users\/4"}],"replies":[{"embeddable":true,"href":"https:\/\/eldiariodesanpedro.com.ar\/sitio\/wp-json\/wp\/v2\/comments?post=100056"}],"version-history":[{"count":1,"href":"https:\/\/eldiariodesanpedro.com.ar\/sitio\/wp-json\/wp\/v2\/posts\/100056\/revisions"}],"predecessor-version":[{"id":100057,"href":"https:\/\/eldiariodesanpedro.com.ar\/sitio\/wp-json\/wp\/v2\/posts\/100056\/revisions\/100057"}],"wp:featuredmedia":[{"embeddable":true,"href":"https:\/\/eldiariodesanpedro.com.ar\/sitio\/wp-json\/wp\/v2\/media\/100049"}],"wp:attachment":[{"href":"https:\/\/eldiariodesanpedro.com.ar\/sitio\/wp-json\/wp\/v2\/media?parent=100056"}],"wp:term":[{"taxonomy":"category","embeddable":true,"href":"https:\/\/eldiariodesanpedro.com.ar\/sitio\/wp-json\/wp\/v2\/categories?post=100056"},{"taxonomy":"post_tag","embeddable":true,"href":"https:\/\/eldiariodesanpedro.com.ar\/sitio\/wp-json\/wp\/v2\/tags?post=100056"}],"curies":[{"name":"wp","href":"https:\/\/api.w.org\/{rel}","templated":true}]}}