{"id":100047,"date":"2021-10-07T09:25:04","date_gmt":"2021-10-07T12:25:04","guid":{"rendered":"https:\/\/eldiariodesanpedro.com.ar\/sitio\/?p=100047"},"modified":"2021-10-07T09:28:09","modified_gmt":"2021-10-07T12:28:09","slug":"el-intendente-y-el-secretario-de-coordinacion-se-reunieron-con-los-dres-creus-y-sayago-para-plantear-nuevas-acciones-de-salud-publica","status":"publish","type":"post","link":"https:\/\/eldiariodesanpedro.com.ar\/sitio\/el-intendente-y-el-secretario-de-coordinacion-se-reunieron-con-los-dres-creus-y-sayago-para-plantear-nuevas-acciones-de-salud-publica\/","title":{"rendered":"El Intendente y el Secretario de Coordinaci\u00f3n se reunieron con los Dres. Creus y Sayago para plantear nuevas acciones de Salud P\u00fablica"},"content":{"rendered":"<!-- VideographyWP Plugin Message: Automatic video embedding prevented by plugin options. -->\n\n<p>El Intendente Cecilio Salazar y el Secretario de Coordinaci\u00f3n Dr. Ram\u00f3n Salazar, recibieron esta ma\u00f1ana en su despacho al Secretario de Salud Dr. Daniel Creus y al nuevo Director de Atenci\u00f3n Primaria de la Salud Dr. Gabriel Sayago, para compartir algunas de las acciones que ya se han comenzado a implementar desde su asunci\u00f3n en el cargo.<\/p>\n\n\n\n<p>Su designaci\u00f3n resuelta desde el gobierno y la secretar\u00eda del \u00e1rea, posibilitar\u00e1 un incremento de las acciones sanitarias de atenci\u00f3n y prevenci\u00f3n en los Centros de Salud de la ciudad y las localidades, y de los hospitales de Gobernador Castro y Santa Luc\u00eda.<\/p>\n\n\n\n<p>El Dr. Sayago comparti\u00f3 algunas de las iniciativas que se han comenzado a ejecutar entre las cu\u00e1les se destaca una salida conjunta con la coordinaci\u00f3n del Plan de Vacunaci\u00f3n, Cruz Roja y colaboradores, a detectar vecinos y vecinas que no se hayan inscripto para vacunarse y est\u00e9n en condiciones de recibir la primera dosis contra el Covid-19.<\/p>\n\n\n\n<p>Tal como hab\u00eda sido anunciado, ma\u00f1ana se har\u00e1 una visita al Centro de Salud de Villa Depietri y ya est\u00e1 programada una actividad similar para el martes pr\u00f3ximo en La Buena Moza.<\/p>\n\n\n\n<p>Estas acciones ser\u00e1n constantes no s\u00f3lo para escalar la cantidad de vacunados contra el Covid-19 sino tambi\u00e9n para actualizar esquemas de vacunaci\u00f3n y planificar controles generales.<\/p>\n\n\n\n<p>Los profesionales, el Intendente y el Secretario de Coordinaci\u00f3n coincidieron en la importancia de ampliar la llegada de la vacunaci\u00f3n a todos los sectores de la poblaci\u00f3n, ante el evidente efecto de inmunizaci\u00f3n que ha tenido sobre la cantidad de casos y la gravedad de los mismos.<\/p>\n\n\n\n<p>Luego de la gran experiencia obtenida con el seguimiento de la Pandemia, a trav\u00e9s de la direcci\u00f3n que tendr\u00e1 a su cargo Sayago (que sigue adem\u00e1s coordinando el Centro de Control Covid \u2013 ex consultorios amarillos), se analiza una reconversi\u00f3n de ese espacio para otras prestaciones, y el inicio de campa\u00f1as en todos los centros de salud para incrementar sus prestaciones y descomprimir la demanda sobre el Hospital Emilio Ruffa.<\/p>\n\n\n\n<p>Adem\u00e1s se organizar\u00e1n campa\u00f1as en la v\u00eda p\u00fablica de informaci\u00f3n y controles y se instrumentar\u00e1n nuevas medidas para el seguimiento de ni\u00f1os y adolescentes deportistas, estudiantes y todos los grupos que pueden ser monitoreados para tomar decisiones preventivas con un abordaje integral de la salud p\u00fablica municipal.<\/p>\n","protected":false},"excerpt":{"rendered":"<p>El Intendente Cecilio Salazar y el Secretario de Coordinaci\u00f3n Dr. Ram\u00f3n Salazar, recibieron esta ma\u00f1ana en su despacho al Secretario de Salud Dr. Daniel Creus y al nuevo Director de Atenci\u00f3n Primaria de la Salud Dr. Gabriel Sayago, para compartir algunas de las acciones que ya se han comenzado a implementar desde su asunci\u00f3n en [&hellip;]<\/p>\n","protected":false},"author":4,"featured_media":100048,"comment_status":"closed","ping_status":"closed","sticky":false,"template":"","format":"standard","meta":{"om_disable_all_campaigns":false,"_jetpack_memberships_contains_paid_content":false,"footnotes":""},"categories":[50,101,2],"tags":[197,696,33,19],"class_list":["post-100047","post","type-post","status-publish","format-standard","has-post-thumbnail","hentry","category-destacadas","category-interes-general-locales","category-locales","tag-buenos-aires","tag-interes-general","tag-locales","tag-san-pedro"],"aioseo_notices":[],"gutentor_comment":0,"jetpack_featured_media_url":"https:\/\/eldiariodesanpedro.com.ar\/sitio\/wp-content\/uploads\/2021\/10\/WhatsApp-Image-2021-10-06-at-13.20.48.jpeg","jetpack_shortlink":"https:\/\/wp.me\/p6RhLt-q1F","jetpack_sharing_enabled":true,"_links":{"self":[{"href":"https:\/\/eldiariodesanpedro.com.ar\/sitio\/wp-json\/wp\/v2\/posts\/100047","targetHints":{"allow":["GET"]}}],"collection":[{"href":"https:\/\/eldiariodesanpedro.com.ar\/sitio\/wp-json\/wp\/v2\/posts"}],"about":[{"href":"https:\/\/eldiariodesanpedro.com.ar\/sitio\/wp-json\/wp\/v2\/types\/post"}],"author":[{"embeddable":true,"href":"https:\/\/eldiariodesanpedro.com.ar\/sitio\/wp-json\/wp\/v2\/users\/4"}],"replies":[{"embeddable":true,"href":"https:\/\/eldiariodesanpedro.com.ar\/sitio\/wp-json\/wp\/v2\/comments?post=100047"}],"version-history":[{"count":2,"href":"https:\/\/eldiariodesanpedro.com.ar\/sitio\/wp-json\/wp\/v2\/posts\/100047\/revisions"}],"predecessor-version":[{"id":100055,"href":"https:\/\/eldiariodesanpedro.com.ar\/sitio\/wp-json\/wp\/v2\/posts\/100047\/revisions\/100055"}],"wp:featuredmedia":[{"embeddable":true,"href":"https:\/\/eldiariodesanpedro.com.ar\/sitio\/wp-json\/wp\/v2\/media\/100048"}],"wp:attachment":[{"href":"https:\/\/eldiariodesanpedro.com.ar\/sitio\/wp-json\/wp\/v2\/media?parent=100047"}],"wp:term":[{"taxonomy":"category","embeddable":true,"href":"https:\/\/eldiariodesanpedro.com.ar\/sitio\/wp-json\/wp\/v2\/categories?post=100047"},{"taxonomy":"post_tag","embeddable":true,"href":"https:\/\/eldiariodesanpedro.com.ar\/sitio\/wp-json\/wp\/v2\/tags?post=100047"}],"curies":[{"name":"wp","href":"https:\/\/api.w.org\/{rel}","templated":true}]}}