{"id":100042,"date":"2021-10-07T09:08:08","date_gmt":"2021-10-07T12:08:08","guid":{"rendered":"https:\/\/eldiariodesanpedro.com.ar\/sitio\/?p=100042"},"modified":"2021-10-07T09:08:17","modified_gmt":"2021-10-07T12:08:17","slug":"testeos-preventivos-en-la-tosquera-5-positivos-y-82-negativos","status":"publish","type":"post","link":"https:\/\/eldiariodesanpedro.com.ar\/sitio\/testeos-preventivos-en-la-tosquera-5-positivos-y-82-negativos\/","title":{"rendered":"Testeos preventivos en La Tosquera 5 positivos y 82 negativos"},"content":{"rendered":"<!-- VideographyWP Plugin Message: Automatic video embedding prevented by plugin options. -->\n\n<p>El Laboratorio del Hospital a cargo del Dr. Adri\u00e1n Spotti en conjunto con un equipo coordinado por el Dr. Pablo Piquioni realiz\u00f3 esta ma\u00f1ana un operativo especial de testeos en el Centro de Salud y la escuela de La Tosquera ante la aparici\u00f3n de un caso positivo en esa zona, durante los testeos de los \u00faltimos d\u00edas.<\/p>\n\n\n\n<p>Se realizaron 82 testeos r\u00e1pidos con 5 casos positivos en menores de edad que activaron los protocolos correspondientes de aislamiento. Estos resultados ser\u00e1n incorporados al parte oficial de la Secretar\u00eda de Salud del d\u00eda de ma\u00f1ana y de acuerdo a la evoluci\u00f3n de los resultados, se continuar\u00e1n efectuando recorridas similares.<\/p>\n\n\n\n<figure class=\"wp-block-image size-large\"><img decoding=\"async\" width=\"1024\" height=\"576\" data-attachment-id=\"100044\" data-permalink=\"https:\/\/eldiariodesanpedro.com.ar\/sitio\/testeos-preventivos-en-la-tosquera-5-positivos-y-82-negativos\/whatsapp-image-2021-10-06-at-13-07-54\/\" data-orig-file=\"https:\/\/eldiariodesanpedro.com.ar\/sitio\/wp-content\/uploads\/2021\/10\/WhatsApp-Image-2021-10-06-at-13.07.54-rotated.jpeg\" data-orig-size=\"1536,864\" data-comments-opened=\"0\" data-image-meta=\"{&quot;aperture&quot;:&quot;0&quot;,&quot;credit&quot;:&quot;&quot;,&quot;camera&quot;:&quot;&quot;,&quot;caption&quot;:&quot;&quot;,&quot;created_timestamp&quot;:&quot;0&quot;,&quot;copyright&quot;:&quot;&quot;,&quot;focal_length&quot;:&quot;0&quot;,&quot;iso&quot;:&quot;0&quot;,&quot;shutter_speed&quot;:&quot;0&quot;,&quot;title&quot;:&quot;&quot;,&quot;orientation&quot;:&quot;1&quot;}\" data-image-title=\"WhatsApp Image 2021-10-06 at 13.07.54\" data-image-description=\"\" data-image-caption=\"\" data-large-file=\"https:\/\/eldiariodesanpedro.com.ar\/sitio\/wp-content\/uploads\/2021\/10\/WhatsApp-Image-2021-10-06-at-13.07.54-1024x576.jpeg\" data-src=\"https:\/\/eldiariodesanpedro.com.ar\/sitio\/wp-content\/uploads\/2021\/10\/WhatsApp-Image-2021-10-06-at-13.07.54-1024x576.jpeg\" alt=\"\" class=\"wp-image-100044 lazyload\" data-srcset=\"https:\/\/eldiariodesanpedro.com.ar\/sitio\/wp-content\/uploads\/2021\/10\/WhatsApp-Image-2021-10-06-at-13.07.54-1024x576.jpeg 1024w, https:\/\/eldiariodesanpedro.com.ar\/sitio\/wp-content\/uploads\/2021\/10\/WhatsApp-Image-2021-10-06-at-13.07.54-300x169.jpeg 300w, https:\/\/eldiariodesanpedro.com.ar\/sitio\/wp-content\/uploads\/2021\/10\/WhatsApp-Image-2021-10-06-at-13.07.54-768x432.jpeg 768w, https:\/\/eldiariodesanpedro.com.ar\/sitio\/wp-content\/uploads\/2021\/10\/WhatsApp-Image-2021-10-06-at-13.07.54-800x450.jpeg 800w, https:\/\/eldiariodesanpedro.com.ar\/sitio\/wp-content\/uploads\/2021\/10\/WhatsApp-Image-2021-10-06-at-13.07.54-rotated.jpeg 1536w\" data-sizes=\"(max-width: 1024px) 100vw, 1024px\" src=\"data:image\/svg+xml;base64,PHN2ZyB3aWR0aD0iMSIgaGVpZ2h0PSIxIiB4bWxucz0iaHR0cDovL3d3dy53My5vcmcvMjAwMC9zdmciPjwvc3ZnPg==\" style=\"--smush-placeholder-width: 1024px; --smush-placeholder-aspect-ratio: 1024\/576;\" \/><\/figure>\n\n\n\n<figure class=\"wp-block-image size-large\"><img decoding=\"async\" width=\"1024\" height=\"576\" data-attachment-id=\"100045\" data-permalink=\"https:\/\/eldiariodesanpedro.com.ar\/sitio\/testeos-preventivos-en-la-tosquera-5-positivos-y-82-negativos\/whatsapp-image-2021-10-06-at-13-07-57\/\" data-orig-file=\"https:\/\/eldiariodesanpedro.com.ar\/sitio\/wp-content\/uploads\/2021\/10\/WhatsApp-Image-2021-10-06-at-13.07.57-rotated.jpeg\" data-orig-size=\"1536,864\" data-comments-opened=\"0\" data-image-meta=\"{&quot;aperture&quot;:&quot;0&quot;,&quot;credit&quot;:&quot;&quot;,&quot;camera&quot;:&quot;&quot;,&quot;caption&quot;:&quot;&quot;,&quot;created_timestamp&quot;:&quot;0&quot;,&quot;copyright&quot;:&quot;&quot;,&quot;focal_length&quot;:&quot;0&quot;,&quot;iso&quot;:&quot;0&quot;,&quot;shutter_speed&quot;:&quot;0&quot;,&quot;title&quot;:&quot;&quot;,&quot;orientation&quot;:&quot;1&quot;}\" data-image-title=\"WhatsApp Image 2021-10-06 at 13.07.57\" data-image-description=\"\" data-image-caption=\"\" data-large-file=\"https:\/\/eldiariodesanpedro.com.ar\/sitio\/wp-content\/uploads\/2021\/10\/WhatsApp-Image-2021-10-06-at-13.07.57-1024x576.jpeg\" data-src=\"https:\/\/eldiariodesanpedro.com.ar\/sitio\/wp-content\/uploads\/2021\/10\/WhatsApp-Image-2021-10-06-at-13.07.57-1024x576.jpeg\" alt=\"\" class=\"wp-image-100045 lazyload\" data-srcset=\"https:\/\/eldiariodesanpedro.com.ar\/sitio\/wp-content\/uploads\/2021\/10\/WhatsApp-Image-2021-10-06-at-13.07.57-1024x576.jpeg 1024w, https:\/\/eldiariodesanpedro.com.ar\/sitio\/wp-content\/uploads\/2021\/10\/WhatsApp-Image-2021-10-06-at-13.07.57-300x169.jpeg 300w, https:\/\/eldiariodesanpedro.com.ar\/sitio\/wp-content\/uploads\/2021\/10\/WhatsApp-Image-2021-10-06-at-13.07.57-768x432.jpeg 768w, https:\/\/eldiariodesanpedro.com.ar\/sitio\/wp-content\/uploads\/2021\/10\/WhatsApp-Image-2021-10-06-at-13.07.57-800x450.jpeg 800w, https:\/\/eldiariodesanpedro.com.ar\/sitio\/wp-content\/uploads\/2021\/10\/WhatsApp-Image-2021-10-06-at-13.07.57-rotated.jpeg 1536w\" data-sizes=\"(max-width: 1024px) 100vw, 1024px\" src=\"data:image\/svg+xml;base64,PHN2ZyB3aWR0aD0iMSIgaGVpZ2h0PSIxIiB4bWxucz0iaHR0cDovL3d3dy53My5vcmcvMjAwMC9zdmciPjwvc3ZnPg==\" style=\"--smush-placeholder-width: 1024px; --smush-placeholder-aspect-ratio: 1024\/576;\" \/><\/figure>\n","protected":false},"excerpt":{"rendered":"<p>El Laboratorio del Hospital a cargo del Dr. Adri\u00e1n Spotti en conjunto con un equipo coordinado por el Dr. Pablo Piquioni realiz\u00f3 esta ma\u00f1ana un operativo especial de testeos en el Centro de Salud y la escuela de La Tosquera ante la aparici\u00f3n de un caso positivo en esa zona, durante los testeos de los [&hellip;]<\/p>\n","protected":false},"author":4,"featured_media":100043,"comment_status":"closed","ping_status":"closed","sticky":false,"template":"","format":"standard","meta":{"om_disable_all_campaigns":false,"_jetpack_memberships_contains_paid_content":false,"footnotes":""},"categories":[2],"tags":[197,696,33,19],"class_list":["post-100042","post","type-post","status-publish","format-standard","has-post-thumbnail","hentry","category-locales","tag-buenos-aires","tag-interes-general","tag-locales","tag-san-pedro"],"aioseo_notices":[],"gutentor_comment":0,"jetpack_featured_media_url":"https:\/\/eldiariodesanpedro.com.ar\/sitio\/wp-content\/uploads\/2021\/10\/WhatsApp-Image-2021-10-06-at-13.07.51-rotated.jpeg","jetpack_shortlink":"https:\/\/wp.me\/p6RhLt-q1A","jetpack_sharing_enabled":true,"_links":{"self":[{"href":"https:\/\/eldiariodesanpedro.com.ar\/sitio\/wp-json\/wp\/v2\/posts\/100042","targetHints":{"allow":["GET"]}}],"collection":[{"href":"https:\/\/eldiariodesanpedro.com.ar\/sitio\/wp-json\/wp\/v2\/posts"}],"about":[{"href":"https:\/\/eldiariodesanpedro.com.ar\/sitio\/wp-json\/wp\/v2\/types\/post"}],"author":[{"embeddable":true,"href":"https:\/\/eldiariodesanpedro.com.ar\/sitio\/wp-json\/wp\/v2\/users\/4"}],"replies":[{"embeddable":true,"href":"https:\/\/eldiariodesanpedro.com.ar\/sitio\/wp-json\/wp\/v2\/comments?post=100042"}],"version-history":[{"count":1,"href":"https:\/\/eldiariodesanpedro.com.ar\/sitio\/wp-json\/wp\/v2\/posts\/100042\/revisions"}],"predecessor-version":[{"id":100046,"href":"https:\/\/eldiariodesanpedro.com.ar\/sitio\/wp-json\/wp\/v2\/posts\/100042\/revisions\/100046"}],"wp:featuredmedia":[{"embeddable":true,"href":"https:\/\/eldiariodesanpedro.com.ar\/sitio\/wp-json\/wp\/v2\/media\/100043"}],"wp:attachment":[{"href":"https:\/\/eldiariodesanpedro.com.ar\/sitio\/wp-json\/wp\/v2\/media?parent=100042"}],"wp:term":[{"taxonomy":"category","embeddable":true,"href":"https:\/\/eldiariodesanpedro.com.ar\/sitio\/wp-json\/wp\/v2\/categories?post=100042"},{"taxonomy":"post_tag","embeddable":true,"href":"https:\/\/eldiariodesanpedro.com.ar\/sitio\/wp-json\/wp\/v2\/tags?post=100042"}],"curies":[{"name":"wp","href":"https:\/\/api.w.org\/{rel}","templated":true}]}}