{"id":100034,"date":"2021-10-07T09:02:42","date_gmt":"2021-10-07T12:02:42","guid":{"rendered":"https:\/\/eldiariodesanpedro.com.ar\/sitio\/?p=100034"},"modified":"2021-10-07T09:02:46","modified_gmt":"2021-10-07T12:02:46","slug":"encuentro-en-el-club-viejo-por-el-114o-aniversario-del-nautico-san-pedro","status":"publish","type":"post","link":"https:\/\/eldiariodesanpedro.com.ar\/sitio\/encuentro-en-el-club-viejo-por-el-114o-aniversario-del-nautico-san-pedro\/","title":{"rendered":"Encuentro en el Club Viejo por el 114\u00ba aniversario del N\u00e1utico San Pedro"},"content":{"rendered":"<!-- VideographyWP Plugin Message: Automatic video embedding prevented by plugin options. -->\n\n<p>El Club N\u00e1utico San Pedro organiz\u00f3 este mi\u00e9rcoles 6 de octubre un brindis especial por su 114\u00ba aniversario. Despu\u00e9s del par\u00e9ntesis que impuso la Pandemia de Covid-19 y en el hist\u00f3rico Club Viejo que volvi\u00f3 a ser abierto con importantes tareas de mantenimiento interno y externo, la Comisi\u00f3n Directiva convoc\u00f3 a este acto protocolar como punto de partida de actividades presenciales que se est\u00e1n programando para las pr\u00f3ximas semanas.<\/p>\n\n\n\n<p>Luego de un repaso con algunos apuntes hist\u00f3ricos sobre c\u00f3mo se concret\u00f3 en 1907 la creaci\u00f3n de la instituci\u00f3n, el Comodoro Marcos Arana agradeci\u00f3 la presencia de autoridades municipales, representantes de instituciones deportivas y de diferentes \u00e1mbitos de la comunidad, directivos, presidentes de subcomisiones, colaboradores y entrenadores en representaci\u00f3n de cada una de las disciplinas que se llevan adelante.<\/p>\n\n\n\n<p>Dentro de los anuncios m\u00e1s importantes se destacaron, el regreso de los Paulinos, el premio hist\u00f3rico del Club, para el domingo 5 de diciembre, los preparativos para el D\u00eda del Socio (#30D) con una nueva fiesta para los socios y socias del club en la previa del a\u00f1o nuevo y la apertura inminente de inscripci\u00f3n a una Colonia de Vacaciones de un s\u00f3lo contingente para la temporada de verano.<\/p>\n\n\n\n<p>El Dr. Ram\u00f3n Salazar, Secretario de Coordinaci\u00f3n de la Municipalidad de San Pedro en representaci\u00f3n del Intendente y del gobierno municipal felicit\u00f3 al club por sus 114 a\u00f1os y destac\u00f3 el trabajo que debi\u00f3 concretarse en todos los meses de la Pandemia para mantener las instalaciones y regresar progresivamente a la normalidad.<\/p>\n\n\n\n<p>Finalmente, Andr\u00e9s S\u00e1nchez y Carlos Jaime, en representaci\u00f3n de la Liga Deportiva Sampedrina, hicieron entrega de un recordatorio para la instituci\u00f3n en este cumplea\u00f1os.<\/p>\n\n\n\n<p>M\u00e1s im\u00e1genes en nuestra fan page de Facebook) &#8211; aqui: <a href=\"https:\/\/bit.ly\/2YygiID\">https:\/\/bit.ly\/2YygiID<\/a><\/p>\n\n\n\n<figure class=\"wp-block-image size-large\"><img decoding=\"async\" width=\"1024\" height=\"683\" data-attachment-id=\"100036\" data-permalink=\"https:\/\/eldiariodesanpedro.com.ar\/sitio\/encuentro-en-el-club-viejo-por-el-114o-aniversario-del-nautico-san-pedro\/244737945_2015263035291369_239466676254748985_n\/\" data-orig-file=\"https:\/\/eldiariodesanpedro.com.ar\/sitio\/wp-content\/uploads\/2021\/10\/244737945_2015263035291369_239466676254748985_n.jpg\" data-orig-size=\"2048,1365\" data-comments-opened=\"0\" data-image-meta=\"{&quot;aperture&quot;:&quot;0&quot;,&quot;credit&quot;:&quot;&quot;,&quot;camera&quot;:&quot;&quot;,&quot;caption&quot;:&quot;&quot;,&quot;created_timestamp&quot;:&quot;0&quot;,&quot;copyright&quot;:&quot;&quot;,&quot;focal_length&quot;:&quot;0&quot;,&quot;iso&quot;:&quot;0&quot;,&quot;shutter_speed&quot;:&quot;0&quot;,&quot;title&quot;:&quot;&quot;,&quot;orientation&quot;:&quot;0&quot;}\" data-image-title=\"244737945_2015263035291369_239466676254748985_n\" data-image-description=\"\" data-image-caption=\"\" data-large-file=\"https:\/\/eldiariodesanpedro.com.ar\/sitio\/wp-content\/uploads\/2021\/10\/244737945_2015263035291369_239466676254748985_n-1024x683.jpg\" data-src=\"https:\/\/eldiariodesanpedro.com.ar\/sitio\/wp-content\/uploads\/2021\/10\/244737945_2015263035291369_239466676254748985_n-1024x683.jpg\" alt=\"\" class=\"wp-image-100036 lazyload\" data-srcset=\"https:\/\/eldiariodesanpedro.com.ar\/sitio\/wp-content\/uploads\/2021\/10\/244737945_2015263035291369_239466676254748985_n-1024x683.jpg 1024w, https:\/\/eldiariodesanpedro.com.ar\/sitio\/wp-content\/uploads\/2021\/10\/244737945_2015263035291369_239466676254748985_n-300x200.jpg 300w, https:\/\/eldiariodesanpedro.com.ar\/sitio\/wp-content\/uploads\/2021\/10\/244737945_2015263035291369_239466676254748985_n-768x512.jpg 768w, https:\/\/eldiariodesanpedro.com.ar\/sitio\/wp-content\/uploads\/2021\/10\/244737945_2015263035291369_239466676254748985_n-1536x1024.jpg 1536w, https:\/\/eldiariodesanpedro.com.ar\/sitio\/wp-content\/uploads\/2021\/10\/244737945_2015263035291369_239466676254748985_n.jpg 2048w\" data-sizes=\"(max-width: 1024px) 100vw, 1024px\" src=\"data:image\/svg+xml;base64,PHN2ZyB3aWR0aD0iMSIgaGVpZ2h0PSIxIiB4bWxucz0iaHR0cDovL3d3dy53My5vcmcvMjAwMC9zdmciPjwvc3ZnPg==\" style=\"--smush-placeholder-width: 1024px; --smush-placeholder-aspect-ratio: 1024\/683;\" \/><\/figure>\n\n\n\n<figure class=\"wp-block-image size-large\"><img decoding=\"async\" width=\"1024\" height=\"682\" data-attachment-id=\"100037\" data-permalink=\"https:\/\/eldiariodesanpedro.com.ar\/sitio\/encuentro-en-el-club-viejo-por-el-114o-aniversario-del-nautico-san-pedro\/whatsapp-image-2021-10-07-at-07-26-52\/\" data-orig-file=\"https:\/\/eldiariodesanpedro.com.ar\/sitio\/wp-content\/uploads\/2021\/10\/WhatsApp-Image-2021-10-07-at-07.26.52.jpeg\" data-orig-size=\"1280,853\" data-comments-opened=\"0\" data-image-meta=\"{&quot;aperture&quot;:&quot;0&quot;,&quot;credit&quot;:&quot;&quot;,&quot;camera&quot;:&quot;&quot;,&quot;caption&quot;:&quot;&quot;,&quot;created_timestamp&quot;:&quot;0&quot;,&quot;copyright&quot;:&quot;&quot;,&quot;focal_length&quot;:&quot;0&quot;,&quot;iso&quot;:&quot;0&quot;,&quot;shutter_speed&quot;:&quot;0&quot;,&quot;title&quot;:&quot;&quot;,&quot;orientation&quot;:&quot;0&quot;}\" data-image-title=\"WhatsApp Image 2021-10-07 at 07.26.52\" data-image-description=\"\" data-image-caption=\"\" data-large-file=\"https:\/\/eldiariodesanpedro.com.ar\/sitio\/wp-content\/uploads\/2021\/10\/WhatsApp-Image-2021-10-07-at-07.26.52-1024x682.jpeg\" data-src=\"https:\/\/eldiariodesanpedro.com.ar\/sitio\/wp-content\/uploads\/2021\/10\/WhatsApp-Image-2021-10-07-at-07.26.52-1024x682.jpeg\" alt=\"\" class=\"wp-image-100037 lazyload\" data-srcset=\"https:\/\/eldiariodesanpedro.com.ar\/sitio\/wp-content\/uploads\/2021\/10\/WhatsApp-Image-2021-10-07-at-07.26.52-1024x682.jpeg 1024w, https:\/\/eldiariodesanpedro.com.ar\/sitio\/wp-content\/uploads\/2021\/10\/WhatsApp-Image-2021-10-07-at-07.26.52-300x200.jpeg 300w, https:\/\/eldiariodesanpedro.com.ar\/sitio\/wp-content\/uploads\/2021\/10\/WhatsApp-Image-2021-10-07-at-07.26.52-768x512.jpeg 768w, https:\/\/eldiariodesanpedro.com.ar\/sitio\/wp-content\/uploads\/2021\/10\/WhatsApp-Image-2021-10-07-at-07.26.52.jpeg 1280w\" data-sizes=\"(max-width: 1024px) 100vw, 1024px\" src=\"data:image\/svg+xml;base64,PHN2ZyB3aWR0aD0iMSIgaGVpZ2h0PSIxIiB4bWxucz0iaHR0cDovL3d3dy53My5vcmcvMjAwMC9zdmciPjwvc3ZnPg==\" style=\"--smush-placeholder-width: 1024px; --smush-placeholder-aspect-ratio: 1024\/682;\" \/><\/figure>\n\n\n\n<figure class=\"wp-block-image size-large\"><img decoding=\"async\" width=\"1024\" height=\"682\" data-attachment-id=\"100039\" data-permalink=\"https:\/\/eldiariodesanpedro.com.ar\/sitio\/encuentro-en-el-club-viejo-por-el-114o-aniversario-del-nautico-san-pedro\/whatsapp-image-2021-10-07-at-07-26-54\/\" data-orig-file=\"https:\/\/eldiariodesanpedro.com.ar\/sitio\/wp-content\/uploads\/2021\/10\/WhatsApp-Image-2021-10-07-at-07.26.54.jpeg\" data-orig-size=\"1280,853\" data-comments-opened=\"0\" data-image-meta=\"{&quot;aperture&quot;:&quot;0&quot;,&quot;credit&quot;:&quot;&quot;,&quot;camera&quot;:&quot;&quot;,&quot;caption&quot;:&quot;&quot;,&quot;created_timestamp&quot;:&quot;0&quot;,&quot;copyright&quot;:&quot;&quot;,&quot;focal_length&quot;:&quot;0&quot;,&quot;iso&quot;:&quot;0&quot;,&quot;shutter_speed&quot;:&quot;0&quot;,&quot;title&quot;:&quot;&quot;,&quot;orientation&quot;:&quot;0&quot;}\" data-image-title=\"WhatsApp Image 2021-10-07 at 07.26.54\" data-image-description=\"\" data-image-caption=\"\" data-large-file=\"https:\/\/eldiariodesanpedro.com.ar\/sitio\/wp-content\/uploads\/2021\/10\/WhatsApp-Image-2021-10-07-at-07.26.54-1024x682.jpeg\" data-src=\"https:\/\/eldiariodesanpedro.com.ar\/sitio\/wp-content\/uploads\/2021\/10\/WhatsApp-Image-2021-10-07-at-07.26.54-1024x682.jpeg\" alt=\"\" class=\"wp-image-100039 lazyload\" data-srcset=\"https:\/\/eldiariodesanpedro.com.ar\/sitio\/wp-content\/uploads\/2021\/10\/WhatsApp-Image-2021-10-07-at-07.26.54-1024x682.jpeg 1024w, https:\/\/eldiariodesanpedro.com.ar\/sitio\/wp-content\/uploads\/2021\/10\/WhatsApp-Image-2021-10-07-at-07.26.54-300x200.jpeg 300w, https:\/\/eldiariodesanpedro.com.ar\/sitio\/wp-content\/uploads\/2021\/10\/WhatsApp-Image-2021-10-07-at-07.26.54-768x512.jpeg 768w, https:\/\/eldiariodesanpedro.com.ar\/sitio\/wp-content\/uploads\/2021\/10\/WhatsApp-Image-2021-10-07-at-07.26.54.jpeg 1280w\" data-sizes=\"(max-width: 1024px) 100vw, 1024px\" src=\"data:image\/svg+xml;base64,PHN2ZyB3aWR0aD0iMSIgaGVpZ2h0PSIxIiB4bWxucz0iaHR0cDovL3d3dy53My5vcmcvMjAwMC9zdmciPjwvc3ZnPg==\" style=\"--smush-placeholder-width: 1024px; --smush-placeholder-aspect-ratio: 1024\/682;\" \/><\/figure>\n\n\n\n<figure class=\"wp-block-image size-large\"><img decoding=\"async\" width=\"1024\" height=\"682\" data-attachment-id=\"100040\" data-permalink=\"https:\/\/eldiariodesanpedro.com.ar\/sitio\/encuentro-en-el-club-viejo-por-el-114o-aniversario-del-nautico-san-pedro\/whatsapp-image-2021-10-07-at-07-26-55\/\" data-orig-file=\"https:\/\/eldiariodesanpedro.com.ar\/sitio\/wp-content\/uploads\/2021\/10\/WhatsApp-Image-2021-10-07-at-07.26.55.jpeg\" data-orig-size=\"1280,853\" data-comments-opened=\"0\" data-image-meta=\"{&quot;aperture&quot;:&quot;0&quot;,&quot;credit&quot;:&quot;&quot;,&quot;camera&quot;:&quot;&quot;,&quot;caption&quot;:&quot;&quot;,&quot;created_timestamp&quot;:&quot;0&quot;,&quot;copyright&quot;:&quot;&quot;,&quot;focal_length&quot;:&quot;0&quot;,&quot;iso&quot;:&quot;0&quot;,&quot;shutter_speed&quot;:&quot;0&quot;,&quot;title&quot;:&quot;&quot;,&quot;orientation&quot;:&quot;0&quot;}\" data-image-title=\"WhatsApp Image 2021-10-07 at 07.26.55\" data-image-description=\"\" data-image-caption=\"\" data-large-file=\"https:\/\/eldiariodesanpedro.com.ar\/sitio\/wp-content\/uploads\/2021\/10\/WhatsApp-Image-2021-10-07-at-07.26.55-1024x682.jpeg\" data-src=\"https:\/\/eldiariodesanpedro.com.ar\/sitio\/wp-content\/uploads\/2021\/10\/WhatsApp-Image-2021-10-07-at-07.26.55-1024x682.jpeg\" alt=\"\" class=\"wp-image-100040 lazyload\" data-srcset=\"https:\/\/eldiariodesanpedro.com.ar\/sitio\/wp-content\/uploads\/2021\/10\/WhatsApp-Image-2021-10-07-at-07.26.55-1024x682.jpeg 1024w, https:\/\/eldiariodesanpedro.com.ar\/sitio\/wp-content\/uploads\/2021\/10\/WhatsApp-Image-2021-10-07-at-07.26.55-300x200.jpeg 300w, https:\/\/eldiariodesanpedro.com.ar\/sitio\/wp-content\/uploads\/2021\/10\/WhatsApp-Image-2021-10-07-at-07.26.55-768x512.jpeg 768w, https:\/\/eldiariodesanpedro.com.ar\/sitio\/wp-content\/uploads\/2021\/10\/WhatsApp-Image-2021-10-07-at-07.26.55.jpeg 1280w\" data-sizes=\"(max-width: 1024px) 100vw, 1024px\" src=\"data:image\/svg+xml;base64,PHN2ZyB3aWR0aD0iMSIgaGVpZ2h0PSIxIiB4bWxucz0iaHR0cDovL3d3dy53My5vcmcvMjAwMC9zdmciPjwvc3ZnPg==\" style=\"--smush-placeholder-width: 1024px; --smush-placeholder-aspect-ratio: 1024\/682;\" \/><\/figure>\n","protected":false},"excerpt":{"rendered":"<p>El Club N\u00e1utico San Pedro organiz\u00f3 este mi\u00e9rcoles 6 de octubre un brindis especial por su 114\u00ba aniversario. Despu\u00e9s del par\u00e9ntesis que impuso la Pandemia de Covid-19 y en el hist\u00f3rico Club Viejo que volvi\u00f3 a ser abierto con importantes tareas de mantenimiento interno y externo, la Comisi\u00f3n Directiva convoc\u00f3 a este acto protocolar como [&hellip;]<\/p>\n","protected":false},"author":4,"featured_media":100035,"comment_status":"closed","ping_status":"closed","sticky":false,"template":"","format":"standard","meta":{"om_disable_all_campaigns":false,"_jetpack_memberships_contains_paid_content":false,"footnotes":""},"categories":[50,101,2],"tags":[],"class_list":["post-100034","post","type-post","status-publish","format-standard","has-post-thumbnail","hentry","category-destacadas","category-interes-general-locales","category-locales"],"aioseo_notices":[],"gutentor_comment":0,"jetpack_featured_media_url":"https:\/\/eldiariodesanpedro.com.ar\/sitio\/wp-content\/uploads\/2021\/10\/244728891_2015263441957995_4419580281358469629_n.jpg","jetpack_shortlink":"https:\/\/wp.me\/p6RhLt-q1s","jetpack_sharing_enabled":true,"_links":{"self":[{"href":"https:\/\/eldiariodesanpedro.com.ar\/sitio\/wp-json\/wp\/v2\/posts\/100034","targetHints":{"allow":["GET"]}}],"collection":[{"href":"https:\/\/eldiariodesanpedro.com.ar\/sitio\/wp-json\/wp\/v2\/posts"}],"about":[{"href":"https:\/\/eldiariodesanpedro.com.ar\/sitio\/wp-json\/wp\/v2\/types\/post"}],"author":[{"embeddable":true,"href":"https:\/\/eldiariodesanpedro.com.ar\/sitio\/wp-json\/wp\/v2\/users\/4"}],"replies":[{"embeddable":true,"href":"https:\/\/eldiariodesanpedro.com.ar\/sitio\/wp-json\/wp\/v2\/comments?post=100034"}],"version-history":[{"count":1,"href":"https:\/\/eldiariodesanpedro.com.ar\/sitio\/wp-json\/wp\/v2\/posts\/100034\/revisions"}],"predecessor-version":[{"id":100041,"href":"https:\/\/eldiariodesanpedro.com.ar\/sitio\/wp-json\/wp\/v2\/posts\/100034\/revisions\/100041"}],"wp:featuredmedia":[{"embeddable":true,"href":"https:\/\/eldiariodesanpedro.com.ar\/sitio\/wp-json\/wp\/v2\/media\/100035"}],"wp:attachment":[{"href":"https:\/\/eldiariodesanpedro.com.ar\/sitio\/wp-json\/wp\/v2\/media?parent=100034"}],"wp:term":[{"taxonomy":"category","embeddable":true,"href":"https:\/\/eldiariodesanpedro.com.ar\/sitio\/wp-json\/wp\/v2\/categories?post=100034"},{"taxonomy":"post_tag","embeddable":true,"href":"https:\/\/eldiariodesanpedro.com.ar\/sitio\/wp-json\/wp\/v2\/tags?post=100034"}],"curies":[{"name":"wp","href":"https:\/\/api.w.org\/{rel}","templated":true}]}}