{"id":100030,"date":"2021-10-07T08:54:53","date_gmt":"2021-10-07T11:54:53","guid":{"rendered":"https:\/\/eldiariodesanpedro.com.ar\/sitio\/?p=100030"},"modified":"2021-10-07T08:54:57","modified_gmt":"2021-10-07T11:54:57","slug":"descubren-un-grupo-fosilizado-de-seis-ciervos-prehistoricos","status":"publish","type":"post","link":"https:\/\/eldiariodesanpedro.com.ar\/sitio\/descubren-un-grupo-fosilizado-de-seis-ciervos-prehistoricos\/","title":{"rendered":"Descubren un grupo fosilizado de seis ciervos prehist\u00f3ricos"},"content":{"rendered":"<!-- VideographyWP Plugin Message: Automatic video embedding prevented by plugin options. -->\n\n<p><strong>Los animales vivieron hace m\u00e1s de 10.000 a\u00f1os.&nbsp;<\/strong><\/p>\n\n\n\n<p><strong>Son unas 40 piezas de ejemplares de diferentes tama\u00f1os y de una misma especie.<\/strong><\/p>\n\n\n\n<p>El equipo del Museo Paleontol\u00f3gico de San Pedro, acaba de hallar los restos f\u00f3siles de un&nbsp;<strong>grupo de, al menos, seis ciervos prehist\u00f3ricos<\/strong>&nbsp;que habitaron el norte bonaerense durante la edad Lujanense.<\/p>\n\n\n\n<p>El descubrimiento fue realizado a escasos 5 kil\u00f3metros de la ciudad.<\/p>\n\n\n\n<p>El equipo del Museo estuvo conformado por Jos\u00e9 Luis Aguilar, Julio Simonini, Walter Parra y Javier Saucedo, quienes acudieron al aviso de Gast\u00f3n y Miguel C\u00e1ceres, vecinos que observaron los primeros fragmentos.&nbsp;<\/p>\n\n\n\n<p><strong>Todo el conjunto de restos suma unas 40 piezas de diferentes individuos<\/strong>.<\/p>\n\n\n\n<p>Se cree que se trata de&nbsp;<strong>un mismo grupo o manada<\/strong>, un detalle que permitir\u00e1 profundizar en el estudio de ciertos aspectos biol\u00f3gicos de estos animales.<\/p>\n\n\n\n<p>El an\u00e1lisis detallado de los f\u00f3siles descubiertos ser\u00e1 una tarea conjunta entre el\u00a0<strong>Grupo Conservacionista\u00a0<\/strong>de San Pedro, el\u00a0<strong>Dr. Germ\u00e1n M. Gasparini<\/strong>, de la Divisi\u00f3n Paleontolog\u00eda de Vertebrados del Museo de La Plata y el\u00a0<strong>Dr. Nicol\u00e1s Chimento<\/strong>, del Museo Argentino de Ciencias Naturales \u201cBernardino Rivadavia\u201d; ambos investigadores cient\u00edficos de CONICET.<\/p>\n\n\n\n<figure class=\"wp-block-image size-large\"><img decoding=\"async\" width=\"1024\" height=\"778\" data-attachment-id=\"100031\" data-permalink=\"https:\/\/eldiariodesanpedro.com.ar\/sitio\/descubren-un-grupo-fosilizado-de-seis-ciervos-prehistoricos\/conjunto-de-restos\/\" data-orig-file=\"https:\/\/eldiariodesanpedro.com.ar\/sitio\/wp-content\/uploads\/2021\/10\/CONJUNTO-DE-RESTOS-scaled.jpg\" data-orig-size=\"2560,1945\" data-comments-opened=\"0\" data-image-meta=\"{&quot;aperture&quot;:&quot;1.7&quot;,&quot;credit&quot;:&quot;&quot;,&quot;camera&quot;:&quot;Moto Z2 Play&quot;,&quot;caption&quot;:&quot;&quot;,&quot;created_timestamp&quot;:&quot;1631143743&quot;,&quot;copyright&quot;:&quot;&quot;,&quot;focal_length&quot;:&quot;4.28&quot;,&quot;iso&quot;:&quot;640&quot;,&quot;shutter_speed&quot;:&quot;0.058823529411765&quot;,&quot;title&quot;:&quot;&quot;,&quot;orientation&quot;:&quot;0&quot;}\" data-image-title=\"CONJUNTO DE RESTOS\" data-image-description=\"\" data-image-caption=\"\" data-large-file=\"https:\/\/eldiariodesanpedro.com.ar\/sitio\/wp-content\/uploads\/2021\/10\/CONJUNTO-DE-RESTOS-1024x778.jpg\" data-src=\"https:\/\/eldiariodesanpedro.com.ar\/sitio\/wp-content\/uploads\/2021\/10\/CONJUNTO-DE-RESTOS-1024x778.jpg\" alt=\"\" class=\"wp-image-100031 lazyload\" data-srcset=\"https:\/\/eldiariodesanpedro.com.ar\/sitio\/wp-content\/uploads\/2021\/10\/CONJUNTO-DE-RESTOS-1024x778.jpg 1024w, https:\/\/eldiariodesanpedro.com.ar\/sitio\/wp-content\/uploads\/2021\/10\/CONJUNTO-DE-RESTOS-300x228.jpg 300w, https:\/\/eldiariodesanpedro.com.ar\/sitio\/wp-content\/uploads\/2021\/10\/CONJUNTO-DE-RESTOS-768x584.jpg 768w, https:\/\/eldiariodesanpedro.com.ar\/sitio\/wp-content\/uploads\/2021\/10\/CONJUNTO-DE-RESTOS-1536x1167.jpg 1536w, https:\/\/eldiariodesanpedro.com.ar\/sitio\/wp-content\/uploads\/2021\/10\/CONJUNTO-DE-RESTOS-2048x1556.jpg 2048w\" data-sizes=\"(max-width: 1024px) 100vw, 1024px\" src=\"data:image\/svg+xml;base64,PHN2ZyB3aWR0aD0iMSIgaGVpZ2h0PSIxIiB4bWxucz0iaHR0cDovL3d3dy53My5vcmcvMjAwMC9zdmciPjwvc3ZnPg==\" style=\"--smush-placeholder-width: 1024px; --smush-placeholder-aspect-ratio: 1024\/778;\" \/><\/figure>\n","protected":false},"excerpt":{"rendered":"<p>Los animales vivieron hace m\u00e1s de 10.000 a\u00f1os.&nbsp; Son unas 40 piezas de ejemplares de diferentes tama\u00f1os y de una misma especie. El equipo del Museo Paleontol\u00f3gico de San Pedro, acaba de hallar los restos f\u00f3siles de un&nbsp;grupo de, al menos, seis ciervos prehist\u00f3ricos&nbsp;que habitaron el norte bonaerense durante la edad Lujanense. El descubrimiento fue [&hellip;]<\/p>\n","protected":false},"author":4,"featured_media":100032,"comment_status":"closed","ping_status":"closed","sticky":false,"template":"","format":"standard","meta":{"om_disable_all_campaigns":false,"_jetpack_memberships_contains_paid_content":false,"footnotes":""},"categories":[50,101,2],"tags":[197,2455,696,33,19],"class_list":["post-100030","post","type-post","status-publish","format-standard","has-post-thumbnail","hentry","category-destacadas","category-interes-general-locales","category-locales","tag-buenos-aires","tag-descubren-un-grupo-fosilizado-de-seis-ciervos-prehistoricos","tag-interes-general","tag-locales","tag-san-pedro"],"aioseo_notices":[],"gutentor_comment":0,"jetpack_featured_media_url":"https:\/\/eldiariodesanpedro.com.ar\/sitio\/wp-content\/uploads\/2021\/10\/GRAFICA-NOTA-CIERVOS.jpg","jetpack_shortlink":"https:\/\/wp.me\/p6RhLt-q1o","jetpack_sharing_enabled":true,"_links":{"self":[{"href":"https:\/\/eldiariodesanpedro.com.ar\/sitio\/wp-json\/wp\/v2\/posts\/100030","targetHints":{"allow":["GET"]}}],"collection":[{"href":"https:\/\/eldiariodesanpedro.com.ar\/sitio\/wp-json\/wp\/v2\/posts"}],"about":[{"href":"https:\/\/eldiariodesanpedro.com.ar\/sitio\/wp-json\/wp\/v2\/types\/post"}],"author":[{"embeddable":true,"href":"https:\/\/eldiariodesanpedro.com.ar\/sitio\/wp-json\/wp\/v2\/users\/4"}],"replies":[{"embeddable":true,"href":"https:\/\/eldiariodesanpedro.com.ar\/sitio\/wp-json\/wp\/v2\/comments?post=100030"}],"version-history":[{"count":1,"href":"https:\/\/eldiariodesanpedro.com.ar\/sitio\/wp-json\/wp\/v2\/posts\/100030\/revisions"}],"predecessor-version":[{"id":100033,"href":"https:\/\/eldiariodesanpedro.com.ar\/sitio\/wp-json\/wp\/v2\/posts\/100030\/revisions\/100033"}],"wp:featuredmedia":[{"embeddable":true,"href":"https:\/\/eldiariodesanpedro.com.ar\/sitio\/wp-json\/wp\/v2\/media\/100032"}],"wp:attachment":[{"href":"https:\/\/eldiariodesanpedro.com.ar\/sitio\/wp-json\/wp\/v2\/media?parent=100030"}],"wp:term":[{"taxonomy":"category","embeddable":true,"href":"https:\/\/eldiariodesanpedro.com.ar\/sitio\/wp-json\/wp\/v2\/categories?post=100030"},{"taxonomy":"post_tag","embeddable":true,"href":"https:\/\/eldiariodesanpedro.com.ar\/sitio\/wp-json\/wp\/v2\/tags?post=100030"}],"curies":[{"name":"wp","href":"https:\/\/api.w.org\/{rel}","templated":true}]}}