{"id":10003,"date":"2016-11-10T11:18:31","date_gmt":"2016-11-10T14:18:31","guid":{"rendered":"https:\/\/eldiariodesanpedro.com.ar\/sitio\/?p=10003"},"modified":"2016-11-10T11:18:31","modified_gmt":"2016-11-10T14:18:31","slug":"una-persona-con-fractura-en-accidente-de-transito","status":"publish","type":"post","link":"https:\/\/eldiariodesanpedro.com.ar\/sitio\/una-persona-con-fractura-en-accidente-de-transito\/","title":{"rendered":"Una persona con fractura en accidente de transito"},"content":{"rendered":"<p><!-- VideographyWP Plugin Message: Automatic video embedding prevented by plugin options. --><br \/>\nEn el d\u00eda de ayer se hizo presente m\u00f3vil de la polic\u00eda en la intersecci\u00f3n de Av. 11 de septiembre y Tucum\u00e1n donde se provoco un accidente de transito entre un auto Renault Sandero conducida por un joven de 26 a\u00f1os y una motocicleta Gilera Smash 100 cc conducida por una persona de 32 a\u00f1os, esta persona fue trasladada hasta el nosocomio local Emili Ruffa, donde el medico guardia dictamino fractura de tibia y peron\u00e9 acompa\u00f1ada de lesiones graves sin riesgo de vida. Interviene la UFI N\u00ba 5 a cargo del Dr. Manso<\/p>\n","protected":false},"excerpt":{"rendered":"<p>En el d\u00eda de ayer se hizo presente m\u00f3vil de la polic\u00eda en la intersecci\u00f3n de Av. 11 de septiembre y Tucum\u00e1n donde se provoco un accidente de transito entre un auto Renault Sandero conducida por un joven de 26 a\u00f1os y una motocicleta Gilera Smash 100 cc conducida por una persona de 32 a\u00f1os, [&hellip;]<\/p>\n","protected":false},"author":4,"featured_media":2624,"comment_status":"open","ping_status":"closed","sticky":false,"template":"","format":"standard","meta":{"om_disable_all_campaigns":false,"_jetpack_memberships_contains_paid_content":false,"footnotes":""},"categories":[2,103],"tags":[],"class_list":["post-10003","post","type-post","status-publish","format-standard","has-post-thumbnail","hentry","category-locales","category-policiales-locales"],"aioseo_notices":[],"gutentor_comment":0,"jetpack_featured_media_url":"https:\/\/eldiariodesanpedro.com.ar\/sitio\/wp-content\/uploads\/2016\/04\/guardia.jpg","jetpack_shortlink":"https:\/\/wp.me\/p6RhLt-2Bl","jetpack_sharing_enabled":true,"_links":{"self":[{"href":"https:\/\/eldiariodesanpedro.com.ar\/sitio\/wp-json\/wp\/v2\/posts\/10003","targetHints":{"allow":["GET"]}}],"collection":[{"href":"https:\/\/eldiariodesanpedro.com.ar\/sitio\/wp-json\/wp\/v2\/posts"}],"about":[{"href":"https:\/\/eldiariodesanpedro.com.ar\/sitio\/wp-json\/wp\/v2\/types\/post"}],"author":[{"embeddable":true,"href":"https:\/\/eldiariodesanpedro.com.ar\/sitio\/wp-json\/wp\/v2\/users\/4"}],"replies":[{"embeddable":true,"href":"https:\/\/eldiariodesanpedro.com.ar\/sitio\/wp-json\/wp\/v2\/comments?post=10003"}],"version-history":[{"count":1,"href":"https:\/\/eldiariodesanpedro.com.ar\/sitio\/wp-json\/wp\/v2\/posts\/10003\/revisions"}],"predecessor-version":[{"id":10009,"href":"https:\/\/eldiariodesanpedro.com.ar\/sitio\/wp-json\/wp\/v2\/posts\/10003\/revisions\/10009"}],"wp:featuredmedia":[{"embeddable":true,"href":"https:\/\/eldiariodesanpedro.com.ar\/sitio\/wp-json\/wp\/v2\/media\/2624"}],"wp:attachment":[{"href":"https:\/\/eldiariodesanpedro.com.ar\/sitio\/wp-json\/wp\/v2\/media?parent=10003"}],"wp:term":[{"taxonomy":"category","embeddable":true,"href":"https:\/\/eldiariodesanpedro.com.ar\/sitio\/wp-json\/wp\/v2\/categories?post=10003"},{"taxonomy":"post_tag","embeddable":true,"href":"https:\/\/eldiariodesanpedro.com.ar\/sitio\/wp-json\/wp\/v2\/tags?post=10003"}],"curies":[{"name":"wp","href":"https:\/\/api.w.org\/{rel}","templated":true}]}}