{"id":100025,"date":"2021-10-07T17:28:40","date_gmt":"2021-10-07T20:28:40","guid":{"rendered":"https:\/\/eldiariodesanpedro.com.ar\/sitio\/?p=100025"},"modified":"2021-10-07T17:28:44","modified_gmt":"2021-10-07T20:28:44","slug":"notificacion-inicio-de-temporada-de-empaque-fruta-de-carozo-tomjug-s-r-l","status":"publish","type":"post","link":"https:\/\/eldiariodesanpedro.com.ar\/sitio\/notificacion-inicio-de-temporada-de-empaque-fruta-de-carozo-tomjug-s-r-l\/","title":{"rendered":"Notificaci\u00f3n inicio de temporada de empaque fruta de carozo TOMJUG S.R.L."},"content":{"rendered":"<!-- VideographyWP Plugin Message: Automatic video embedding prevented by plugin options. -->\n\n<p>NOTIFICACION INICIO DE TEMPORADA DE EMPAQUE FRUTA DE CAROZO<\/p>\n\n\n\n<p>CAMPA\u00d1A 2021\/2022<\/p>\n\n\n\n<p>SINDICATO S.E.D.A.<\/p>\n\n\n\n<p>SAN PEDRO, 07 DE OCTUBRE DE 2021<\/p>\n\n\n\n<p>Comunicamos a todo nuestro personal de Empaque que el d\u00eda 18 de Octubre de 2021 se iniciara la temporada de durazno, debiendo presentarse en el lugar de trabajo en Ruta 1001 Km 10, Rio Tala, partido de San Pedro para comenzar con sus tareas.<br>Quedan Uds. debidamente notificados, conforme lo establecen los C.C.T. aplicable y Legislaci\u00f3n vigente.<\/p>\n\n\n\n<p>Deber\u00e1n expresar fehacientemente su disposici\u00f3n para comenzar sus tareas hasta el d\u00eda 15 de Octubre de 2021 en la oficina ubicada en Ruta 1001 Km 10, Rio Tala, partido de San Pedro, en horario de 09 a 18 hs. TOMJUG S.R.L.<\/p>\n","protected":false},"excerpt":{"rendered":"<p>NOTIFICACION INICIO DE TEMPORADA DE EMPAQUE FRUTA DE CAROZO CAMPA\u00d1A 2021\/2022 SINDICATO S.E.D.A. SAN PEDRO, 07 DE OCTUBRE DE 2021 Comunicamos a todo nuestro personal de Empaque que el d\u00eda 18 de Octubre de 2021 se iniciara la temporada de durazno, debiendo presentarse en el lugar de trabajo en Ruta 1001 Km 10, Rio Tala, [&hellip;]<\/p>\n","protected":false},"author":4,"featured_media":100026,"comment_status":"closed","ping_status":"closed","sticky":false,"template":"","format":"standard","meta":{"om_disable_all_campaigns":false,"_jetpack_memberships_contains_paid_content":false,"footnotes":""},"categories":[678,676],"tags":[197,696,33,2453,19,2454],"class_list":["post-100025","post","type-post","status-publish","format-standard","has-post-thumbnail","hentry","category-convocatorias","category-edictos","tag-buenos-aires","tag-interes-general","tag-locales","tag-notificacion-inicio-de-temporada-de-empaque-fruta-de-carozo","tag-san-pedro","tag-tomjug-s-r-l"],"aioseo_notices":[],"gutentor_comment":0,"jetpack_featured_media_url":"https:\/\/eldiariodesanpedro.com.ar\/sitio\/wp-content\/uploads\/2021\/10\/Tomjug-inicio-de-temporada-2021-octubre.jpg","jetpack_shortlink":"https:\/\/wp.me\/p6RhLt-q1j","jetpack_sharing_enabled":true,"_links":{"self":[{"href":"https:\/\/eldiariodesanpedro.com.ar\/sitio\/wp-json\/wp\/v2\/posts\/100025","targetHints":{"allow":["GET"]}}],"collection":[{"href":"https:\/\/eldiariodesanpedro.com.ar\/sitio\/wp-json\/wp\/v2\/posts"}],"about":[{"href":"https:\/\/eldiariodesanpedro.com.ar\/sitio\/wp-json\/wp\/v2\/types\/post"}],"author":[{"embeddable":true,"href":"https:\/\/eldiariodesanpedro.com.ar\/sitio\/wp-json\/wp\/v2\/users\/4"}],"replies":[{"embeddable":true,"href":"https:\/\/eldiariodesanpedro.com.ar\/sitio\/wp-json\/wp\/v2\/comments?post=100025"}],"version-history":[{"count":1,"href":"https:\/\/eldiariodesanpedro.com.ar\/sitio\/wp-json\/wp\/v2\/posts\/100025\/revisions"}],"predecessor-version":[{"id":100027,"href":"https:\/\/eldiariodesanpedro.com.ar\/sitio\/wp-json\/wp\/v2\/posts\/100025\/revisions\/100027"}],"wp:featuredmedia":[{"embeddable":true,"href":"https:\/\/eldiariodesanpedro.com.ar\/sitio\/wp-json\/wp\/v2\/media\/100026"}],"wp:attachment":[{"href":"https:\/\/eldiariodesanpedro.com.ar\/sitio\/wp-json\/wp\/v2\/media?parent=100025"}],"wp:term":[{"taxonomy":"category","embeddable":true,"href":"https:\/\/eldiariodesanpedro.com.ar\/sitio\/wp-json\/wp\/v2\/categories?post=100025"},{"taxonomy":"post_tag","embeddable":true,"href":"https:\/\/eldiariodesanpedro.com.ar\/sitio\/wp-json\/wp\/v2\/tags?post=100025"}],"curies":[{"name":"wp","href":"https:\/\/api.w.org\/{rel}","templated":true}]}}