{"id":100019,"date":"2021-10-06T10:22:19","date_gmt":"2021-10-06T13:22:19","guid":{"rendered":"https:\/\/eldiariodesanpedro.com.ar\/sitio\/?p=100019"},"modified":"2021-10-06T10:22:30","modified_gmt":"2021-10-06T13:22:30","slug":"edicto-de-sucesion-de-giles-raul-francisco","status":"publish","type":"post","link":"https:\/\/eldiariodesanpedro.com.ar\/sitio\/edicto-de-sucesion-de-giles-raul-francisco\/","title":{"rendered":"Edicto de Sucesi\u00f3n de Giles Raul Francisco"},"content":{"rendered":"<!-- VideographyWP Plugin Message: Automatic video embedding prevented by plugin options. -->\n\n<p>El Juzgado de Paz de San Pedro a cargo de la Juez Ra\u00fal E. Garc\u00eda, subrogante, Secretar\u00eda \u00fanica a cargo del Dr. Facundo VELL\u00d3N cita y emplaza por 30 d\u00edas a herederos y acreedores de Ra\u00fal Francisco Giles en los autos caratulados <strong>Giles Raul Francisco<\/strong> S\/ SUCESI\u00d3N AB INTESTATO\u201d Expte. SUC 572-21.- San Pedro, 21 de Septiembre de 2021.<\/p>\n\n\n\n<p>FACUNDO VELL\u00d3N <br>ABOGADO SECRETARIO<\/p>\n","protected":false},"excerpt":{"rendered":"<p>El Juzgado de Paz de San Pedro a cargo de la Juez Ra\u00fal E. Garc\u00eda, subrogante, Secretar\u00eda \u00fanica a cargo del Dr. Facundo VELL\u00d3N cita y emplaza por 30 d\u00edas a herederos y acreedores de Ra\u00fal Francisco Giles en los autos caratulados Giles Raul Francisco S\/ SUCESI\u00d3N AB INTESTATO\u201d Expte. SUC 572-21.- San Pedro, 21 [&hellip;]<\/p>\n","protected":false},"author":4,"featured_media":81115,"comment_status":"closed","ping_status":"closed","sticky":false,"template":"","format":"standard","meta":{"om_disable_all_campaigns":false,"_jetpack_memberships_contains_paid_content":false,"footnotes":""},"categories":[676,677],"tags":[197,1121,2451,1355,33,19,1122],"class_list":["post-100019","post","type-post","status-publish","format-standard","has-post-thumbnail","hentry","category-edictos","category-edictos-sucesorios","tag-buenos-aires","tag-edicto","tag-giles-raul-francisco","tag-judiciales","tag-locales","tag-san-pedro","tag-sucesion"],"aioseo_notices":[],"gutentor_comment":0,"jetpack_featured_media_url":"https:\/\/eldiariodesanpedro.com.ar\/sitio\/wp-content\/uploads\/2020\/09\/Poder-Judicial.jpg","jetpack_shortlink":"https:\/\/wp.me\/p6RhLt-q1d","jetpack_sharing_enabled":true,"_links":{"self":[{"href":"https:\/\/eldiariodesanpedro.com.ar\/sitio\/wp-json\/wp\/v2\/posts\/100019","targetHints":{"allow":["GET"]}}],"collection":[{"href":"https:\/\/eldiariodesanpedro.com.ar\/sitio\/wp-json\/wp\/v2\/posts"}],"about":[{"href":"https:\/\/eldiariodesanpedro.com.ar\/sitio\/wp-json\/wp\/v2\/types\/post"}],"author":[{"embeddable":true,"href":"https:\/\/eldiariodesanpedro.com.ar\/sitio\/wp-json\/wp\/v2\/users\/4"}],"replies":[{"embeddable":true,"href":"https:\/\/eldiariodesanpedro.com.ar\/sitio\/wp-json\/wp\/v2\/comments?post=100019"}],"version-history":[{"count":1,"href":"https:\/\/eldiariodesanpedro.com.ar\/sitio\/wp-json\/wp\/v2\/posts\/100019\/revisions"}],"predecessor-version":[{"id":100020,"href":"https:\/\/eldiariodesanpedro.com.ar\/sitio\/wp-json\/wp\/v2\/posts\/100019\/revisions\/100020"}],"wp:featuredmedia":[{"embeddable":true,"href":"https:\/\/eldiariodesanpedro.com.ar\/sitio\/wp-json\/wp\/v2\/media\/81115"}],"wp:attachment":[{"href":"https:\/\/eldiariodesanpedro.com.ar\/sitio\/wp-json\/wp\/v2\/media?parent=100019"}],"wp:term":[{"taxonomy":"category","embeddable":true,"href":"https:\/\/eldiariodesanpedro.com.ar\/sitio\/wp-json\/wp\/v2\/categories?post=100019"},{"taxonomy":"post_tag","embeddable":true,"href":"https:\/\/eldiariodesanpedro.com.ar\/sitio\/wp-json\/wp\/v2\/tags?post=100019"}],"curies":[{"name":"wp","href":"https:\/\/api.w.org\/{rel}","templated":true}]}}