{"id":100014,"date":"2021-10-06T09:56:47","date_gmt":"2021-10-06T12:56:47","guid":{"rendered":"https:\/\/eldiariodesanpedro.com.ar\/sitio\/?p=100014"},"modified":"2021-10-06T09:56:50","modified_gmt":"2021-10-06T12:56:50","slug":"difunden-texto-de-un-reglamento-para-maestros-de-postas-de-1852","status":"publish","type":"post","link":"https:\/\/eldiariodesanpedro.com.ar\/sitio\/difunden-texto-de-un-reglamento-para-maestros-de-postas-de-1852\/","title":{"rendered":"Difunden texto de un reglamento para maestros de postas de 1852"},"content":{"rendered":"<!-- VideographyWP Plugin Message: Automatic video embedding prevented by plugin options. -->\n\n<p><strong>El documento, analizado por el Grupo Conservacionista de San Pedro, contiene directivas, costos de servicios y condiciones que deb\u00edan observar los responsables de las postas a mediados del siglo XIX<\/strong><\/p>\n\n\n\n<p>Un documento fechado el <strong>14 de Agosto de 1852<\/strong>, se\u00f1ala las condiciones y c\u00e1nones que deb\u00edan brindar&nbsp; y cobrar los encargados o \u201c<strong>maestros de postas<\/strong>\u201d en los lugares&nbsp; a su mando, a mediados del siglo XIX. La hoja, que es parte de la colecci\u00f3n del Archivo del <strong>Museo Paleontol\u00f3gico<\/strong>, es un detallado escrito en letra de molde, firmado por <strong>Juan Manuel De Luca<\/strong>, <strong>Administrador General&nbsp; de Correos<\/strong> de aquella \u00e9poca, donde se ordenan, en once diferentes art\u00edculos, los requerimientos que deb\u00edan cumplir los maestros o encargados de las diferentes postas distribuidas en la provincia.<\/p>\n\n\n\n<p>El texto completo del documento que difunde el Grupo Conservacionista dice lo siguiente:<\/p>\n\n\n\n<p><strong>ART\u00cdCULOS DEL REGLAMENTO<\/strong><\/p>\n\n\n\n<p><strong>Art\u00edculo 1\u00ba<\/strong> Los maestros de posta de la Ciudad, Norte y Sud, atendiendo el mayor costo que sufragan sus caballos dentro de su poblaci\u00f3n, cobrar\u00e1n al viajante particular por derechos de salida y cada legua que corran, 2 pesos por los de silla y carguero, y 4 por los de tiro.<\/p>\n\n\n\n<p><strong>Art\u00edculo 2\u00ba <\/strong>A los caballos destinados al servicio del Gobierno, tambi\u00e9n de salida, s\u00f3lo prefijar\u00e1n los maestros en sus cuentas 4 reales por los de silla y carga, y 1 peso por los de tiro.<\/p>\n\n\n\n<p><strong>Art\u00edculo 3\u00ba <\/strong>Los maestros de las otras postas de la Provincia, en todas direcciones, cobrar\u00e1n al viajante particular 1 peso por legua por los caballos de silla y carga, y 2 pesos por los de tiro.<\/p>\n\n\n\n<p><strong>Art\u00edculo 4\u00ba <\/strong>Perteneciendo al servicio del Gobierno, s\u00f3lo le cargar\u00e1n en sus cuentas, 2 reales por los de la primera condici\u00f3n designada en el precedente art\u00edculo, y 4 reales por los de la segunda; derecho que en igual forma pagar\u00e1n los conductores de la balija (sic) p\u00fablica en sus viages; pero que ser\u00e1 doble en ambos respecto a su salida de esta Ciudad.<\/p>\n\n\n\n<p><strong>Art\u00edculo 5\u00ba <\/strong>Los servicios al Gobierno, ser\u00e1n acreditados por los maestros con asiento de partida en cuadernos de pliegos doblados en mitad, y de ning\u00fan modo de mayor ni menor dimensi\u00f3n, designando en cada partida el n\u00famero de caballos, qu\u00e9 leguas corren, y en qu\u00e9 posta paran, cuya cuenta as\u00ed formalizada presentar\u00e1n a la Administraci\u00f3n General de Correos; cada trimestre del a\u00f1o, pero sus asientos ser\u00e1n rectificados por los Administradores Departamentales declarando al final de los cuadernos, la legitimidad de sus partidas o por los Jueces de Paz si no hubiera Administrador.<\/p>\n\n\n\n<p><strong>Art\u00edculo 6\u00ba <\/strong>Los maestros que con cualquier pretesto (sic) impusieren al viajante particular m\u00e1s valor que el que denotan los art\u00edculos 2 y 3 de este Decreto, incurren en las penas se\u00f1aladas a los infractores de los Reglamentos del Gobierno sobre causa p\u00fablica.<\/p>\n\n\n\n<p><strong>Art\u00edculo 7\u00ba <\/strong>Se declara que el postill\u00f3n que guiare a un viajante particular, recibir\u00e1 de \u00e9l antes 4 reales por cada una de las leguas que corran acompa\u00f1\u00e1ndole.<\/p>\n\n\n\n<p><strong>Art\u00edculo 8\u00ba <\/strong>Si el individuo que gu\u00eda obra el servicio del Gobierno, el maestro le incluir\u00e1 el valor del viage (sic) en el asiento de paridas de su cuaderno de cuentas; pero el abono entonces ser\u00e1 de 2 reales por legua que ha de satisfac\u00e9rsele luego que aquel reciba el pago de sus servicios por la Administraci\u00f3n de Correos.<\/p>\n\n\n\n<p><strong>Art\u00edculo 9\u00ba <\/strong>Los aumentos a los maestros de posta para el cobro de derechos al viajante, as\u00ed como el se\u00f1alamiento de 4 y 2 reales&nbsp; los postillones, tendr\u00e1n lugar desde el 1\u00ba de Setiembre pr\u00f3ximo.<\/p>\n\n\n\n<p>Art\u00edculo 10\u00baLos postillones estar\u00e1n por dos a\u00f1os en servicio de las postas, y pueden por convenio con el maestro, extenderse a otros dos o m\u00e1s a\u00f1os.<\/p>\n\n\n\n<p><strong>Art\u00edculo 11\u00ba<\/strong> Los postillones con sujeci\u00f3n al cap\u00edtulo 1\u00ba, t\u00edtulo 17 de la Ordenanza General de Correos, estar\u00e1n en todo lo concerniente a su oficio subordinados al maestro de posta, quien podr\u00e1 removerlos cuando lo crea conveniente, dando aviso si fueren alistados al Gefe (sic) del Cuerpo de Milicias de donde se separaron a los fines determinados&nbsp; el art\u00edculo 10 de este Decreto.<\/p>\n\n\n\n<p>Buenos Aires, Agosto 14 de 1852<\/p>\n\n\n\n<p>JUAN MANUEL DE LUCA<\/p>\n","protected":false},"excerpt":{"rendered":"<p>El documento, analizado por el Grupo Conservacionista de San Pedro, contiene directivas, costos de servicios y condiciones que deb\u00edan observar los responsables de las postas a mediados del siglo XIX Un documento fechado el 14 de Agosto de 1852, se\u00f1ala las condiciones y c\u00e1nones que deb\u00edan brindar&nbsp; y cobrar los encargados o \u201cmaestros de postas\u201d [&hellip;]<\/p>\n","protected":false},"author":4,"featured_media":100015,"comment_status":"closed","ping_status":"closed","sticky":false,"template":"","format":"standard","meta":{"om_disable_all_campaigns":false,"_jetpack_memberships_contains_paid_content":false,"footnotes":""},"categories":[50,101,2],"tags":[197,696,33,19],"class_list":["post-100014","post","type-post","status-publish","format-standard","has-post-thumbnail","hentry","category-destacadas","category-interes-general-locales","category-locales","tag-buenos-aires","tag-interes-general","tag-locales","tag-san-pedro"],"aioseo_notices":[],"gutentor_comment":0,"jetpack_featured_media_url":"https:\/\/eldiariodesanpedro.com.ar\/sitio\/wp-content\/uploads\/2021\/10\/medida-3.jpg","jetpack_shortlink":"https:\/\/wp.me\/p6RhLt-q18","jetpack_sharing_enabled":true,"_links":{"self":[{"href":"https:\/\/eldiariodesanpedro.com.ar\/sitio\/wp-json\/wp\/v2\/posts\/100014","targetHints":{"allow":["GET"]}}],"collection":[{"href":"https:\/\/eldiariodesanpedro.com.ar\/sitio\/wp-json\/wp\/v2\/posts"}],"about":[{"href":"https:\/\/eldiariodesanpedro.com.ar\/sitio\/wp-json\/wp\/v2\/types\/post"}],"author":[{"embeddable":true,"href":"https:\/\/eldiariodesanpedro.com.ar\/sitio\/wp-json\/wp\/v2\/users\/4"}],"replies":[{"embeddable":true,"href":"https:\/\/eldiariodesanpedro.com.ar\/sitio\/wp-json\/wp\/v2\/comments?post=100014"}],"version-history":[{"count":1,"href":"https:\/\/eldiariodesanpedro.com.ar\/sitio\/wp-json\/wp\/v2\/posts\/100014\/revisions"}],"predecessor-version":[{"id":100016,"href":"https:\/\/eldiariodesanpedro.com.ar\/sitio\/wp-json\/wp\/v2\/posts\/100014\/revisions\/100016"}],"wp:featuredmedia":[{"embeddable":true,"href":"https:\/\/eldiariodesanpedro.com.ar\/sitio\/wp-json\/wp\/v2\/media\/100015"}],"wp:attachment":[{"href":"https:\/\/eldiariodesanpedro.com.ar\/sitio\/wp-json\/wp\/v2\/media?parent=100014"}],"wp:term":[{"taxonomy":"category","embeddable":true,"href":"https:\/\/eldiariodesanpedro.com.ar\/sitio\/wp-json\/wp\/v2\/categories?post=100014"},{"taxonomy":"post_tag","embeddable":true,"href":"https:\/\/eldiariodesanpedro.com.ar\/sitio\/wp-json\/wp\/v2\/tags?post=100014"}],"curies":[{"name":"wp","href":"https:\/\/api.w.org\/{rel}","templated":true}]}}