{"id":10000,"date":"2016-11-10T10:13:53","date_gmt":"2016-11-10T13:13:53","guid":{"rendered":"https:\/\/eldiariodesanpedro.com.ar\/sitio\/?p=10000"},"modified":"2016-11-10T10:13:53","modified_gmt":"2016-11-10T13:13:53","slug":"disparos-a-una-vivienda-en-rio-tala","status":"publish","type":"post","link":"https:\/\/eldiariodesanpedro.com.ar\/sitio\/disparos-a-una-vivienda-en-rio-tala\/","title":{"rendered":"Disparos a una vivienda en R\u00edo Tala"},"content":{"rendered":"<p><!-- VideographyWP Plugin Message: Automatic video embedding prevented by plugin options. --><br \/>\nSe presento una denuncia en la comisaria local, que alrededor de las 22:30 hs de ayer en R\u00edo Tala un se\u00f1or de 57 a\u00f1os de edad se encontraba en su casa cenando y siente detonaciones de disparos en la parte exterior y en la puerta de acceso de su domicilio. Al salir al exterior constata con que habr\u00eda recibidos disparos de arma de fuego y que habr\u00eda sido efectuados por un masculino que circulaba en motocicleta. Se realizaron pericias de rigor y interviene la UFI N\u00ba7 a cargo del Dr. Marcelo Manso en conjunto con la sub DDI Baradero &#8211; San Pedro para su investigaci\u00f3n.<\/p>\n","protected":false},"excerpt":{"rendered":"<p>Se presento una denuncia en la comisaria local, que alrededor de las 22:30 hs de ayer en R\u00edo Tala un se\u00f1or de 57 a\u00f1os de edad se encontraba en su casa cenando y siente detonaciones de disparos en la parte exterior y en la puerta de acceso de su domicilio. Al salir al exterior constata [&hellip;]<\/p>\n","protected":false},"author":4,"featured_media":8212,"comment_status":"open","ping_status":"closed","sticky":false,"template":"","format":"standard","meta":{"om_disable_all_campaigns":false,"_jetpack_memberships_contains_paid_content":false,"footnotes":""},"categories":[2,103],"tags":[],"class_list":["post-10000","post","type-post","status-publish","format-standard","has-post-thumbnail","hentry","category-locales","category-policiales-locales"],"aioseo_notices":[],"gutentor_comment":0,"jetpack_featured_media_url":"https:\/\/eldiariodesanpedro.com.ar\/sitio\/wp-content\/uploads\/2016\/09\/arma-de-fuego.jpg","jetpack_shortlink":"https:\/\/wp.me\/p6RhLt-2Bi","jetpack_sharing_enabled":true,"_links":{"self":[{"href":"https:\/\/eldiariodesanpedro.com.ar\/sitio\/wp-json\/wp\/v2\/posts\/10000","targetHints":{"allow":["GET"]}}],"collection":[{"href":"https:\/\/eldiariodesanpedro.com.ar\/sitio\/wp-json\/wp\/v2\/posts"}],"about":[{"href":"https:\/\/eldiariodesanpedro.com.ar\/sitio\/wp-json\/wp\/v2\/types\/post"}],"author":[{"embeddable":true,"href":"https:\/\/eldiariodesanpedro.com.ar\/sitio\/wp-json\/wp\/v2\/users\/4"}],"replies":[{"embeddable":true,"href":"https:\/\/eldiariodesanpedro.com.ar\/sitio\/wp-json\/wp\/v2\/comments?post=10000"}],"version-history":[{"count":1,"href":"https:\/\/eldiariodesanpedro.com.ar\/sitio\/wp-json\/wp\/v2\/posts\/10000\/revisions"}],"predecessor-version":[{"id":10001,"href":"https:\/\/eldiariodesanpedro.com.ar\/sitio\/wp-json\/wp\/v2\/posts\/10000\/revisions\/10001"}],"wp:featuredmedia":[{"embeddable":true,"href":"https:\/\/eldiariodesanpedro.com.ar\/sitio\/wp-json\/wp\/v2\/media\/8212"}],"wp:attachment":[{"href":"https:\/\/eldiariodesanpedro.com.ar\/sitio\/wp-json\/wp\/v2\/media?parent=10000"}],"wp:term":[{"taxonomy":"category","embeddable":true,"href":"https:\/\/eldiariodesanpedro.com.ar\/sitio\/wp-json\/wp\/v2\/categories?post=10000"},{"taxonomy":"post_tag","embeddable":true,"href":"https:\/\/eldiariodesanpedro.com.ar\/sitio\/wp-json\/wp\/v2\/tags?post=10000"}],"curies":[{"name":"wp","href":"https:\/\/api.w.org\/{rel}","templated":true}]}}